{"id":1113,"date":"2025-07-03T14:50:39","date_gmt":"2025-07-03T13:50:39","guid":{"rendered":"https:\/\/www.pro-act.at\/Jugendgemeinderat-Graz\/?p=1113"},"modified":"2025-07-03T14:50:39","modified_gmt":"2025-07-03T13:50:39","slug":"proact-jugendbudget-2025","status":"publish","type":"post","link":"https:\/\/www.pro-act.at\/Jugendgemeinderat-Graz\/2025\/07\/proact-jugendbudget-2025\/","title":{"rendered":"proAct Jugendbudget 2025"},"content":{"rendered":"\n<figure class=\"wp-block-image size-large is-resized\"><img loading=\"lazy\" decoding=\"async\" width=\"380\" height=\"253\" src=\"https:\/\/www.pro-act.at\/Jugendgemeinderat-Graz\/wp-content\/uploads\/2025\/07\/MR2506_proAct0387_web-380x253.jpg\" alt=\"\" class=\"wp-image-1112\" style=\"width:434px;height:auto\" srcset=\"https:\/\/www.pro-act.at\/Jugendgemeinderat-Graz\/wp-content\/uploads\/2025\/07\/MR2506_proAct0387_web-380x253.jpg 380w, https:\/\/www.pro-act.at\/Jugendgemeinderat-Graz\/wp-content\/uploads\/2025\/07\/MR2506_proAct0387_web-120x80.jpg 120w, https:\/\/www.pro-act.at\/Jugendgemeinderat-Graz\/wp-content\/uploads\/2025\/07\/MR2506_proAct0387_web-768x512.jpg 768w, https:\/\/www.pro-act.at\/Jugendgemeinderat-Graz\/wp-content\/uploads\/2025\/07\/MR2506_proAct0387_web-1536x1024.jpg 1536w, https:\/\/www.pro-act.at\/Jugendgemeinderat-Graz\/wp-content\/uploads\/2025\/07\/MR2506_proAct0387_web-624x416.jpg 624w, https:\/\/www.pro-act.at\/Jugendgemeinderat-Graz\/wp-content\/uploads\/2025\/07\/MR2506_proAct0387_web.jpg 1920w\" sizes=\"auto, (max-width: 380px) 100vw, 380px\" \/><\/figure>\n\n\n\n<p>Bereits zum 14. Mal fand am Freitag, den 06.06.2025, das proAct Jugendbudget statt. Im Orpheum wurden 11 spannende Projekte pr\u00e4sentiert und unter den teilnehmenden Jugendlichen abgestimmt, welche Projekte mit dem Grazer Jugendbudget von \u20ac 25.000.- umgesetzt werden. Dank einer zus\u00e4tzlichen F\u00f6rderung der Kinder- und Jugend-Stadt Graz in H\u00f6he von \u20ac 10.000.- k\u00f6nnen zwei zus\u00e4tzliche Projekte finanziert werden. Insgesamt bestimmten die Jugendlichen also \u00fcber ein Budget von \u20ac 35.000.-<\/p>\n\n\n\n<p>Insgesamt waren 116 wahlberechtigte Jugendliche von 14 bis 21 Jahren im Orpheum und nahmen an der Wahl teil. Inklusive Besucher*innen au\u00dferhalb der Zielgruppe haben 146 Personen das heurige proAct Event besucht. Mit insgesamt 204 Projekt-Stimmen wurden 7 von 11 Projekten zum Umsetzung gew\u00e4hlt. <\/p>\n\n\n\n<figure class=\"wp-block-image size-large is-resized\"><img loading=\"lazy\" decoding=\"async\" width=\"380\" height=\"253\" src=\"https:\/\/www.pro-act.at\/Jugendgemeinderat-Graz\/wp-content\/uploads\/2025\/07\/MR2506_proAct0409_web-380x253.jpg\" alt=\"\" class=\"wp-image-1114\" style=\"width:369px;height:auto\" srcset=\"https:\/\/www.pro-act.at\/Jugendgemeinderat-Graz\/wp-content\/uploads\/2025\/07\/MR2506_proAct0409_web-380x253.jpg 380w, https:\/\/www.pro-act.at\/Jugendgemeinderat-Graz\/wp-content\/uploads\/2025\/07\/MR2506_proAct0409_web-120x80.jpg 120w, https:\/\/www.pro-act.at\/Jugendgemeinderat-Graz\/wp-content\/uploads\/2025\/07\/MR2506_proAct0409_web-768x512.jpg 768w, https:\/\/www.pro-act.at\/Jugendgemeinderat-Graz\/wp-content\/uploads\/2025\/07\/MR2506_proAct0409_web-1536x1024.jpg 1536w, https:\/\/www.pro-act.at\/Jugendgemeinderat-Graz\/wp-content\/uploads\/2025\/07\/MR2506_proAct0409_web-624x416.jpg 624w, https:\/\/www.pro-act.at\/Jugendgemeinderat-Graz\/wp-content\/uploads\/2025\/07\/MR2506_proAct0409_web.jpg 1600w\" sizes=\"auto, (max-width: 380px) 100vw, 380px\" \/><\/figure>\n\n\n\n<p>Wir bedanken uns bei allen Jugendlichen und jungen Erwachsenen f\u00fcr ihre Beteiligung und das tolle Ambiente bei proAct 2025. Unser Dank geht auch an alle Helfer*innen, Unterst\u00fctzer*innen und Kooperationspartner*innen sowie insbesondere an die Projektgruppen, die mit so viel Einsatz, Ehrgeiz und Engagement an der Planung, Entwicklung und Umsetzung ihrer Projekte arbeiten!<\/p>\n","protected":false},"excerpt":{"rendered":"<p>Bereits zum 14. Mal fand am Freitag, den 06.06.2025, das proAct Jugendbudget statt. Im Orpheum wurden 11 spannende Projekte pr\u00e4sentiert und unter den teilnehmenden Jugendlichen abgestimmt, welche Projekte mit dem Grazer Jugendbudget von \u20ac 25.000.- umgesetzt werden. Dank einer zus\u00e4tzlichen F\u00f6rderung der Kinder- und Jugend-Stadt Graz in H\u00f6he von \u20ac 10.000.- k\u00f6nnen zwei zus\u00e4tzliche Projekte [&hellip;]<\/p>\n","protected":false},"author":6,"featured_media":0,"comment_status":"closed","ping_status":"closed","sticky":false,"template":"","format":"standard","meta":{"footnotes":""},"categories":[1],"tags":[],"class_list":["post-1113","post","type-post","status-publish","format-standard","hentry","category-news"],"_links":{"self":[{"href":"https:\/\/www.pro-act.at\/Jugendgemeinderat-Graz\/wp-json\/wp\/v2\/posts\/1113","targetHints":{"allow":["GET"]}}],"collection":[{"href":"https:\/\/www.pro-act.at\/Jugendgemeinderat-Graz\/wp-json\/wp\/v2\/posts"}],"about":[{"href":"https:\/\/www.pro-act.at\/Jugendgemeinderat-Graz\/wp-json\/wp\/v2\/types\/post"}],"author":[{"embeddable":true,"href":"https:\/\/www.pro-act.at\/Jugendgemeinderat-Graz\/wp-json\/wp\/v2\/users\/6"}],"replies":[{"embeddable":true,"href":"https:\/\/www.pro-act.at\/Jugendgemeinderat-Graz\/wp-json\/wp\/v2\/comments?post=1113"}],"version-history":[{"count":3,"href":"https:\/\/www.pro-act.at\/Jugendgemeinderat-Graz\/wp-json\/wp\/v2\/posts\/1113\/revisions"}],"predecessor-version":[{"id":1117,"href":"https:\/\/www.pro-act.at\/Jugendgemeinderat-Graz\/wp-json\/wp\/v2\/posts\/1113\/revisions\/1117"}],"wp:attachment":[{"href":"https:\/\/www.pro-act.at\/Jugendgemeinderat-Graz\/wp-json\/wp\/v2\/media?parent=1113"}],"wp:term":[{"taxonomy":"category","embeddable":true,"href":"https:\/\/www.pro-act.at\/Jugendgemeinderat-Graz\/wp-json\/wp\/v2\/categories?post=1113"},{"taxonomy":"post_tag","embeddable":true,"href":"https:\/\/www.pro-act.at\/Jugendgemeinderat-Graz\/wp-json\/wp\/v2\/tags?post=1113"}],"curies":[{"name":"wp","href":"https:\/\/api.w.org\/{rel}","templated":true}]}}