{"id":145,"date":"2011-11-28T13:04:43","date_gmt":"2011-11-28T12:04:43","guid":{"rendered":"http:\/\/www.pro-act.at\/Jugendgemeinderat-Graz\/?p=145"},"modified":"2011-11-28T23:58:38","modified_gmt":"2011-11-28T22:58:38","slug":"proact","status":"publish","type":"post","link":"https:\/\/www.pro-act.at\/Jugendgemeinderat-Graz\/2011\/11\/proact\/","title":{"rendered":"Werde aktiv, sei kreativ und rede mit!"},"content":{"rendered":"<p>Im Jugendgemeinderat haben junge Menschen wie du das Sagen. Bei proAct kannst du dein eigenes Projekt gestalten und umsetzen. Deine Ideen sind gefragt!<\/p>\n<p>&nbsp;<\/p>\n<p>Im Jahr 2011 hat die Stadt Graz zum ersten Mal ein eigenes Jugendbudget bereit gestellt, 2012 geht es in die zweite Runde. Was das bedeutet? 25.000 Euro sind wieder da f\u00fcr deine Ideen und deine Projekte! Die Entscheidung, welche Projekte umgesetzt werden, treffen \u00fcbrigens junge Men- schen wie du, die im Jugendgemeinderat basisdemokratisch dar\u00fcber abstimmen.<\/p>\n<p>&nbsp;<\/p>\n<p>Ergreif die Chance und zeig, dass in Graz auch die Jugend- lichen etwas zu sagen haben! Diskutiere und entscheide mit, was mit dem Jugendbudget passieren soll!<\/p>\n","protected":false},"excerpt":{"rendered":"<p>Im Jugendgemeinderat haben junge Menschen wie du das Sagen. Bei proAct kannst du dein eigenes Projekt gestalten und umsetzen. Deine Ideen sind gefragt! &nbsp; Im Jahr 2011 hat die Stadt Graz zum ersten Mal ein eigenes Jugendbudget bereit gestellt, 2012 geht es in die zweite Runde. Was das bedeutet? 25.000 Euro sind wieder da f\u00fcr [&hellip;]<\/p>\n","protected":false},"author":6,"featured_media":0,"comment_status":"open","ping_status":"closed","sticky":false,"template":"","format":"standard","meta":{"footnotes":""},"categories":[1],"tags":[],"class_list":["post-145","post","type-post","status-publish","format-standard","hentry","category-news"],"_links":{"self":[{"href":"https:\/\/www.pro-act.at\/Jugendgemeinderat-Graz\/wp-json\/wp\/v2\/posts\/145","targetHints":{"allow":["GET"]}}],"collection":[{"href":"https:\/\/www.pro-act.at\/Jugendgemeinderat-Graz\/wp-json\/wp\/v2\/posts"}],"about":[{"href":"https:\/\/www.pro-act.at\/Jugendgemeinderat-Graz\/wp-json\/wp\/v2\/types\/post"}],"author":[{"embeddable":true,"href":"https:\/\/www.pro-act.at\/Jugendgemeinderat-Graz\/wp-json\/wp\/v2\/users\/6"}],"replies":[{"embeddable":true,"href":"https:\/\/www.pro-act.at\/Jugendgemeinderat-Graz\/wp-json\/wp\/v2\/comments?post=145"}],"version-history":[{"count":5,"href":"https:\/\/www.pro-act.at\/Jugendgemeinderat-Graz\/wp-json\/wp\/v2\/posts\/145\/revisions"}],"predecessor-version":[{"id":160,"href":"https:\/\/www.pro-act.at\/Jugendgemeinderat-Graz\/wp-json\/wp\/v2\/posts\/145\/revisions\/160"}],"wp:attachment":[{"href":"https:\/\/www.pro-act.at\/Jugendgemeinderat-Graz\/wp-json\/wp\/v2\/media?parent=145"}],"wp:term":[{"taxonomy":"category","embeddable":true,"href":"https:\/\/www.pro-act.at\/Jugendgemeinderat-Graz\/wp-json\/wp\/v2\/categories?post=145"},{"taxonomy":"post_tag","embeddable":true,"href":"https:\/\/www.pro-act.at\/Jugendgemeinderat-Graz\/wp-json\/wp\/v2\/tags?post=145"}],"curies":[{"name":"wp","href":"https:\/\/api.w.org\/{rel}","templated":true}]}}