{"id":199,"date":"2013-03-11T13:01:41","date_gmt":"2013-03-11T12:01:41","guid":{"rendered":"http:\/\/www.pro-act.at\/Jugendgemeinderat-Graz\/?p=199"},"modified":"2013-03-11T13:01:41","modified_gmt":"2013-03-11T12:01:41","slug":"anmeldefrist-bis-15-april-verlangert","status":"publish","type":"post","link":"https:\/\/www.pro-act.at\/Jugendgemeinderat-Graz\/2013\/03\/anmeldefrist-bis-15-april-verlangert\/","title":{"rendered":"Anmeldefrist bis 15. April verl\u00e4ngert"},"content":{"rendered":"<p>Er r\u00fcckt n\u00e4her: Am Mittwoch, dem 24. April 2013 startet der Jugendgemeinderat um 15 Uhr im Grazer Rathaus. Egal ob als Besucher\/in oder als Projektteilnehmer\/in, jede\/r 15 bis 19j\u00e4hrige\/r Grazer\/in kann mitmachen. Achtung: Falls du Projekte einreichen willst &#8211; die <u>Anmeldefrist wurde bis 15. April verl\u00e4ngert.<\/u> Also, am Besten gleich auf der Homepage informieren und bei Fragen einfach Laura oder Josip anrufen!<\/p>\n","protected":false},"excerpt":{"rendered":"<p>Er r\u00fcckt n\u00e4her: Am Mittwoch, dem 24. April 2013 startet der Jugendgemeinderat um 15 Uhr im Grazer Rathaus. Egal ob als Besucher\/in oder als Projektteilnehmer\/in, jede\/r 15 bis 19j\u00e4hrige\/r Grazer\/in kann mitmachen. Achtung: Falls du Projekte einreichen willst &#8211; die Anmeldefrist wurde bis 15. April verl\u00e4ngert. Also, am Besten gleich auf der Homepage informieren und [&hellip;]<\/p>\n","protected":false},"author":6,"featured_media":0,"comment_status":"open","ping_status":"closed","sticky":false,"template":"","format":"standard","meta":{"footnotes":""},"categories":[1],"tags":[],"class_list":["post-199","post","type-post","status-publish","format-standard","hentry","category-news"],"_links":{"self":[{"href":"https:\/\/www.pro-act.at\/Jugendgemeinderat-Graz\/wp-json\/wp\/v2\/posts\/199","targetHints":{"allow":["GET"]}}],"collection":[{"href":"https:\/\/www.pro-act.at\/Jugendgemeinderat-Graz\/wp-json\/wp\/v2\/posts"}],"about":[{"href":"https:\/\/www.pro-act.at\/Jugendgemeinderat-Graz\/wp-json\/wp\/v2\/types\/post"}],"author":[{"embeddable":true,"href":"https:\/\/www.pro-act.at\/Jugendgemeinderat-Graz\/wp-json\/wp\/v2\/users\/6"}],"replies":[{"embeddable":true,"href":"https:\/\/www.pro-act.at\/Jugendgemeinderat-Graz\/wp-json\/wp\/v2\/comments?post=199"}],"version-history":[{"count":2,"href":"https:\/\/www.pro-act.at\/Jugendgemeinderat-Graz\/wp-json\/wp\/v2\/posts\/199\/revisions"}],"predecessor-version":[{"id":201,"href":"https:\/\/www.pro-act.at\/Jugendgemeinderat-Graz\/wp-json\/wp\/v2\/posts\/199\/revisions\/201"}],"wp:attachment":[{"href":"https:\/\/www.pro-act.at\/Jugendgemeinderat-Graz\/wp-json\/wp\/v2\/media?parent=199"}],"wp:term":[{"taxonomy":"category","embeddable":true,"href":"https:\/\/www.pro-act.at\/Jugendgemeinderat-Graz\/wp-json\/wp\/v2\/categories?post=199"},{"taxonomy":"post_tag","embeddable":true,"href":"https:\/\/www.pro-act.at\/Jugendgemeinderat-Graz\/wp-json\/wp\/v2\/tags?post=199"}],"curies":[{"name":"wp","href":"https:\/\/api.w.org\/{rel}","templated":true}]}}