{"id":203,"date":"2013-04-24T08:39:02","date_gmt":"2013-04-24T07:39:02","guid":{"rendered":"http:\/\/www.pro-act.at\/Jugendgemeinderat-Graz\/?p=203"},"modified":"2013-04-24T08:39:35","modified_gmt":"2013-04-24T07:39:35","slug":"es-ist-soweit","status":"publish","type":"post","link":"https:\/\/www.pro-act.at\/Jugendgemeinderat-Graz\/2013\/04\/es-ist-soweit\/","title":{"rendered":"Es ist soweit!"},"content":{"rendered":"<p>Heute ist es endlich soweit! ProAct Jugendgemeinderat Graz im Rathaus Graz<\/p>\n<p>Ablauf des heutigen Programms:<\/p>\n<p>14:00 Check-In der ProjektleiterInnen vor dem Rathaus<br \/>\n14:00-15:00 Einlass<br \/>\n15:40- 15:45 Erkl\u00e4rung des Wahlmodus\/Ablauf durch Clemens Berger und Carmen Karolyi<br \/>\n15:45-15:50 Er\u00f6ffnung durch Jugendstadtr\u00e4tin Mag. Dr. Martina Schr\u00f6ck<br \/>\n15:50-16:10 Vorstellung der Vorjahresprojekte<\/p>\n<p>16:10-17:00 PROJEKTVORSTELLUNGEN mit Publikumsfragen 1<\/p>\n<p>17:00-17:20 Pause mit Musik von Generation Arrogant<\/p>\n<p>17:20-18:00 PROJEKTVORSTELLUNG mit Publikumsfragen 2<\/p>\n<p>18:00-18:30 Beginn der Wahl<br \/>\n18:30-19:00 Beginn der Ausz\u00e4hlung<br \/>\nPhilip Pacanda\/ Alexandra Marak\/ Martina Kaufmann\/ Brigitte M\u00f6lzer<\/p>\n<p>19:00-19:30 Bekanntgabe des Wahlergebnisses, \u00dcbergabe der Checks, Verabschiedung<\/p>\n","protected":false},"excerpt":{"rendered":"<p>Heute ist es endlich soweit! ProAct Jugendgemeinderat Graz im Rathaus Graz Ablauf des heutigen Programms: 14:00 Check-In der ProjektleiterInnen vor dem Rathaus 14:00-15:00 Einlass 15:40- 15:45 Erkl\u00e4rung des Wahlmodus\/Ablauf durch Clemens Berger und Carmen Karolyi 15:45-15:50 Er\u00f6ffnung durch Jugendstadtr\u00e4tin Mag. Dr. Martina Schr\u00f6ck 15:50-16:10 Vorstellung der Vorjahresprojekte 16:10-17:00 PROJEKTVORSTELLUNGEN mit Publikumsfragen 1 17:00-17:20 Pause mit [&hellip;]<\/p>\n","protected":false},"author":6,"featured_media":0,"comment_status":"open","ping_status":"closed","sticky":false,"template":"","format":"standard","meta":{"footnotes":""},"categories":[1],"tags":[],"class_list":["post-203","post","type-post","status-publish","format-standard","hentry","category-news"],"_links":{"self":[{"href":"https:\/\/www.pro-act.at\/Jugendgemeinderat-Graz\/wp-json\/wp\/v2\/posts\/203","targetHints":{"allow":["GET"]}}],"collection":[{"href":"https:\/\/www.pro-act.at\/Jugendgemeinderat-Graz\/wp-json\/wp\/v2\/posts"}],"about":[{"href":"https:\/\/www.pro-act.at\/Jugendgemeinderat-Graz\/wp-json\/wp\/v2\/types\/post"}],"author":[{"embeddable":true,"href":"https:\/\/www.pro-act.at\/Jugendgemeinderat-Graz\/wp-json\/wp\/v2\/users\/6"}],"replies":[{"embeddable":true,"href":"https:\/\/www.pro-act.at\/Jugendgemeinderat-Graz\/wp-json\/wp\/v2\/comments?post=203"}],"version-history":[{"count":2,"href":"https:\/\/www.pro-act.at\/Jugendgemeinderat-Graz\/wp-json\/wp\/v2\/posts\/203\/revisions"}],"predecessor-version":[{"id":205,"href":"https:\/\/www.pro-act.at\/Jugendgemeinderat-Graz\/wp-json\/wp\/v2\/posts\/203\/revisions\/205"}],"wp:attachment":[{"href":"https:\/\/www.pro-act.at\/Jugendgemeinderat-Graz\/wp-json\/wp\/v2\/media?parent=203"}],"wp:term":[{"taxonomy":"category","embeddable":true,"href":"https:\/\/www.pro-act.at\/Jugendgemeinderat-Graz\/wp-json\/wp\/v2\/categories?post=203"},{"taxonomy":"post_tag","embeddable":true,"href":"https:\/\/www.pro-act.at\/Jugendgemeinderat-Graz\/wp-json\/wp\/v2\/tags?post=203"}],"curies":[{"name":"wp","href":"https:\/\/api.w.org\/{rel}","templated":true}]}}