{"id":256,"date":"2013-10-23T08:15:18","date_gmt":"2013-10-23T07:15:18","guid":{"rendered":"http:\/\/www.pro-act.at\/Jugendgemeinderat-Graz\/?p=256"},"modified":"2013-10-23T08:18:40","modified_gmt":"2013-10-23T07:18:40","slug":"die-naechste-runde","status":"publish","type":"post","link":"https:\/\/www.pro-act.at\/Jugendgemeinderat-Graz\/2013\/10\/die-naechste-runde\/","title":{"rendered":"Die n\u00e4chste Runde&#8230;"},"content":{"rendered":"<p>Und los geht&#8217;s mit dem proAct Jugendgemeinderat 2014!<\/p>\n<p>Das neue Werbematerial ist eingetroffen und Laura und Lukas sind ab sofort in Graz unterwegs um euch \u00fcber proAct zu informieren! Ihr k\u00f6nnt uns in Schulen, Jugendzentren, Parks, Kinos, Kaffeeh\u00e4usern treffen &#8211; halten die Augen offen nach den hei\u00dfbegehrten proAct Stickerflyern! Wann wir auch bei euch in der Gegend sind, erfahrt ihr immer auf unserer <a title=\"proAct Jugendgemeinderat\" href=\"https:\/\/www.facebook.com\/proAct.Jugendgemeinderat\" target=\"_blank\">Facebookseite<\/a>!<\/p>\n<p>Wenn ihr sonstige Fragen oder auch schon Projektideen habt, meldet euch jederzeit bei uns per Mail, Telefon oder Facebook!<\/p>\n<p>Wir freuen uns schon auf euch!<\/p>\n<p>Laura &amp; Lukas<\/p>\n","protected":false},"excerpt":{"rendered":"<p>Und los geht&#8217;s mit dem proAct Jugendgemeinderat 2014! Das neue Werbematerial ist eingetroffen und Laura und Lukas sind ab sofort in Graz unterwegs um euch \u00fcber proAct zu informieren! Ihr k\u00f6nnt uns in Schulen, Jugendzentren, Parks, Kinos, Kaffeeh\u00e4usern treffen &#8211; halten die Augen offen nach den hei\u00dfbegehrten proAct Stickerflyern! Wann wir auch bei euch in [&hellip;]<\/p>\n","protected":false},"author":6,"featured_media":0,"comment_status":"closed","ping_status":"closed","sticky":false,"template":"","format":"standard","meta":{"footnotes":""},"categories":[1],"tags":[],"class_list":["post-256","post","type-post","status-publish","format-standard","hentry","category-news"],"_links":{"self":[{"href":"https:\/\/www.pro-act.at\/Jugendgemeinderat-Graz\/wp-json\/wp\/v2\/posts\/256","targetHints":{"allow":["GET"]}}],"collection":[{"href":"https:\/\/www.pro-act.at\/Jugendgemeinderat-Graz\/wp-json\/wp\/v2\/posts"}],"about":[{"href":"https:\/\/www.pro-act.at\/Jugendgemeinderat-Graz\/wp-json\/wp\/v2\/types\/post"}],"author":[{"embeddable":true,"href":"https:\/\/www.pro-act.at\/Jugendgemeinderat-Graz\/wp-json\/wp\/v2\/users\/6"}],"replies":[{"embeddable":true,"href":"https:\/\/www.pro-act.at\/Jugendgemeinderat-Graz\/wp-json\/wp\/v2\/comments?post=256"}],"version-history":[{"count":3,"href":"https:\/\/www.pro-act.at\/Jugendgemeinderat-Graz\/wp-json\/wp\/v2\/posts\/256\/revisions"}],"predecessor-version":[{"id":259,"href":"https:\/\/www.pro-act.at\/Jugendgemeinderat-Graz\/wp-json\/wp\/v2\/posts\/256\/revisions\/259"}],"wp:attachment":[{"href":"https:\/\/www.pro-act.at\/Jugendgemeinderat-Graz\/wp-json\/wp\/v2\/media?parent=256"}],"wp:term":[{"taxonomy":"category","embeddable":true,"href":"https:\/\/www.pro-act.at\/Jugendgemeinderat-Graz\/wp-json\/wp\/v2\/categories?post=256"},{"taxonomy":"post_tag","embeddable":true,"href":"https:\/\/www.pro-act.at\/Jugendgemeinderat-Graz\/wp-json\/wp\/v2\/tags?post=256"}],"curies":[{"name":"wp","href":"https:\/\/api.w.org\/{rel}","templated":true}]}}