{"id":417,"date":"2017-04-19T09:13:07","date_gmt":"2017-04-19T08:13:07","guid":{"rendered":"http:\/\/www.pro-act.at\/Jugendgemeinderat-Graz\/?p=417"},"modified":"2017-04-19T09:21:57","modified_gmt":"2017-04-19T08:21:57","slug":"eingereichte-projekte-2017-fuer-die-am-26-april-im-rathaus-von-grazer-jugendlichen-abgestimmt-wird","status":"publish","type":"post","link":"https:\/\/www.pro-act.at\/Jugendgemeinderat-Graz\/2017\/04\/eingereichte-projekte-2017-fuer-die-am-26-april-im-rathaus-von-grazer-jugendlichen-abgestimmt-wird\/","title":{"rendered":"Eingereichte proAct Projekte 2017: entscheide mit welche finanziell unterst\u00fctzt werden!"},"content":{"rendered":"<p><strong><em>1. Projekt `TIME`<\/em><\/strong><\/p>\n<p>Die Sch\u00fcler der Ortwein Schule Serkan, Ali und ihr Team planen ein architektonisches Projekt mit R\u00e4umlichkeiten f\u00fcr einen kleinen, offenen Jugendtreffpunkt in Graz zu schaffen. Zu dem Zweck haben sie schon einen Plan f\u00fcr zwei Pavillons entwickelt, f\u00fcr die sie zu der Zeit noch einen entsprechenden \u00f6ffentlichen Platz in Graz suchen.<\/p>\n<p>Eine minimalistische und niederschwellige, aber vor allem auf die Bed\u00fcrfnisse der Jugend orientierte L\u00f6sung soll Ausruhepl\u00e4tze, kleine Kulturveranstaltungen, Gespr\u00e4chsrunden, Workshops oder Diskussionen, also einen Raum f\u00fcr Kreativit\u00e4t und Sport (z.B. Tischtennis..) zu erm\u00f6glichen.<\/p>\n<p>Projektleiter: Serkan Cekic (HTL Bau).<br \/>\nProjektsumme: 7000\u20ac.<\/p>\n<p><strong><em>2. Projekt &#8220; stadtfinden&#8220;<\/em><\/strong><\/p>\n<p>Doris Pfleger von der Ortweinschule m\u00f6chte gerne eine Freizeitapp f\u00fcr Jugendliche gestallten. &#8222;Stadtfinden&#8220; soll eine App die mithilfe einer Matrix Freizeitangebote im Sport- und Kulturbereich filtert werden. Einreichung mit der Summe von 7000\u20ac.<\/p>\n<p><strong><em>3. Projekt &#8222;05 Cinema&#8220;<\/em><\/strong><\/p>\n<p>Mohammed Baysal und Burak Bilen drehen Videos f\u00fcr Hobbysportler, machen Kurzfilme, Dokumentationen und Musikvideos. Durch die Summe von 7000\u20ac m\u00f6chten sie ihr Equipment aufbessern.<\/p>\n<p><strong><em>4. Projekt &#8222;FTH&#8220;<\/em><\/strong><\/p>\n<p>Yasmin Mahmoud beschreibt ihr Projekt wie folgt: &#8222;Ein interkulturelles, interreligi\u00f6ses und karitatives Projekt, das zu vermehrten sozialen Bewusstsein und partizipatorischen Engagement aufruft und junge muslimische \u00d6sterreicherInnen an die Verantwortung gegen\u00fcber ihren Mitmenschen in \u00d6sterreich und ihrer Umwelt erinnert. Bei diesem Sozialprojekt stehen vor allem Bed\u00fcrftige, alte und junge Menschen , sowie Frauen im Mittelpunkt der karitativen Eins\u00e4tze.&#8220;<\/p>\n<p>Bei diesen Eins\u00e4tzen die an verschiedenen Orten stattfinden wird gemeinsam ein Fastenbrechen gelebt und im Zuge dessen neue Bekanntschaften gemacht. Die Gesamtkosten des Projektes w\u00e4ren 10.280\u20ac wobei die restliche Summe \u00fcber die 7000\u20ac von Sponsoren getragen werden k\u00f6nnen.<\/p>\n<p><strong><em>5. Projekt &#8222;Hype Graz&#8220;<\/em><\/strong><\/p>\n<p>Chris Liu, Noah Ligg und Abdelrahman Albaba (sein Nick ist Abudy) sind 15 bis 16 Jahre alte Grazer und wollen mit 6500\u20ac eine eigene Modemarke f\u00fcr die Jugendliche entwickeln. Ihre Idee ist das man Foto\/Video, Design und Mode durch Wissen und Erfahrungen verbinden sollte. Dementsprechend m\u00f6chten sie nicht nur ihre eigene Marke zu ausbauen sondern auch den anderen Jugendlichen bei der Video Produktionen oder Fotoshootings f\u00fcr Projekte\/Profile kreativ zu unterst\u00fctzen.<\/p>\n<p>Projektleiter: Chris Liu<br \/>\nProjektsumme: 6500\u20ac<\/p>\n<p><strong><em>6. Projekt &#8222;Melodien gegen die Traurigkeit&#8220;<\/em><\/strong><\/p>\n<p>Amirshah und Gafoor sind junge Musiker die ihre Musik unter die Leute bringen m\u00f6chten. Dazu planen sie vier Konzerte und 10 Tanzabende. Die 7000\u20ac aus dem Jugendbudget werden f\u00fcr die Anschaffung von Instrumenten sowie f\u00fcr die Saalmiete ben\u00f6tigt. Sie sagen:<\/p>\n<p><em>&#8222;Wir wollen den afghanischen Jugendlichen besonders den ASYLWERBERN mit ihrer afghanischen traditionellen Musik, mit der sie stark alle <\/em><em>verwurzelt sind, einen positiven Impuls zu ihrem perspektivlosen Alltag in Graz entgegensetzten. Unsere Musik fehlt uns ALLEN hier so sehr, sie bedeutet uns sehr viel! Sie macht uns sehr Gl\u00fccklich ! HAPPY!&#8220;<\/em><\/p>\n<p>Sie wollen mit ihrem Projekt entgegensteuern und verhindern, dass die Jugendlichen, in ihrer Perspektivenlosigkeit sich im Stadtpark, Volksgartenpark, Bahnhof zu schlechten Dingen verleiten lassen. Es gibt ihrer Erfahrung nach <em>&#8222;so wenig Freizeitangebote f\u00fcr Asylwerber hier in Graz. Oft werden wir auch zu unterschiedlichsten Angeboten nicht zugelassen, weil wir nicht bezahlen k\u00f6nnen.&#8220;<\/em> Ihr &#8222;Melodien&#8220; Projekt und das erlernen eines Instrumentes bieten f\u00fcr jeden eine wertvolle Erfahrung.<\/p>\n<p><strong><em>7. Projekt &#8222;Parmedy&#8220;<\/em><\/strong><\/p>\n<p>Kevin L. und sein Team sind eine junge, motivierte Gruppe, die Leute, in jeder Altersgruppe, unterhalten m\u00f6chte. &#8222;Mithilfe von Sozialen Medien wie YouTube, Facebook etc. wollen wir euch mit Videos, die w\u00f6chentlich zu einer fixen Zeit erscheinen, unterhalten. Somit wollen wir euch bespa\u00dfen und gleichzeitig auch uns selbst damit f\u00f6rdern.&#8220;<\/p>\n<p>Sie wollen auch Jugendliche aus Graz in ihre Community einbauen und ihnen die<br \/>\nM\u00f6glichkeit geben, bei dem einen oder anderen Video mitzumachen. Sie haben viele Ideen. Eine davon ist eine neue Rubrik wo sie ber\u00fchmte Filmszenen parodieren. Sie sind teilweise vom Jugendcaf\u00e9 Andritz Team unterst\u00fctzt.<\/p>\n<p>Projektleiter: Kevin L.<br \/>\nProjektsumme: (noch offen)<\/p>\n<p><strong><em>8. Projekt &#8222;Das Fr\u00fchlingsfest der Generationen&#8220;<\/em><\/strong><\/p>\n<p>Jugendliche m\u00f6chten ein Fest im Mehrgenerationenhaus in Waltendorf veranstalten. Dazu beantragen sie 700\u20ac des Jugendbudgets f\u00fcr Lebensmittel und die Miete einer Soundanlage.<\/p>\n","protected":false},"excerpt":{"rendered":"<p>1. Projekt `TIME` Die Sch\u00fcler der Ortwein Schule Serkan, Ali und ihr Team planen ein architektonisches Projekt mit R\u00e4umlichkeiten f\u00fcr einen kleinen, offenen Jugendtreffpunkt in Graz zu schaffen. Zu dem Zweck haben sie schon einen Plan f\u00fcr zwei Pavillons entwickelt, f\u00fcr die sie zu der Zeit noch einen entsprechenden \u00f6ffentlichen Platz in Graz suchen. Eine [&hellip;]<\/p>\n","protected":false},"author":6,"featured_media":0,"comment_status":"closed","ping_status":"closed","sticky":false,"template":"","format":"standard","meta":{"footnotes":""},"categories":[1],"tags":[],"class_list":["post-417","post","type-post","status-publish","format-standard","hentry","category-news"],"_links":{"self":[{"href":"https:\/\/www.pro-act.at\/Jugendgemeinderat-Graz\/wp-json\/wp\/v2\/posts\/417","targetHints":{"allow":["GET"]}}],"collection":[{"href":"https:\/\/www.pro-act.at\/Jugendgemeinderat-Graz\/wp-json\/wp\/v2\/posts"}],"about":[{"href":"https:\/\/www.pro-act.at\/Jugendgemeinderat-Graz\/wp-json\/wp\/v2\/types\/post"}],"author":[{"embeddable":true,"href":"https:\/\/www.pro-act.at\/Jugendgemeinderat-Graz\/wp-json\/wp\/v2\/users\/6"}],"replies":[{"embeddable":true,"href":"https:\/\/www.pro-act.at\/Jugendgemeinderat-Graz\/wp-json\/wp\/v2\/comments?post=417"}],"version-history":[{"count":5,"href":"https:\/\/www.pro-act.at\/Jugendgemeinderat-Graz\/wp-json\/wp\/v2\/posts\/417\/revisions"}],"predecessor-version":[{"id":422,"href":"https:\/\/www.pro-act.at\/Jugendgemeinderat-Graz\/wp-json\/wp\/v2\/posts\/417\/revisions\/422"}],"wp:attachment":[{"href":"https:\/\/www.pro-act.at\/Jugendgemeinderat-Graz\/wp-json\/wp\/v2\/media?parent=417"}],"wp:term":[{"taxonomy":"category","embeddable":true,"href":"https:\/\/www.pro-act.at\/Jugendgemeinderat-Graz\/wp-json\/wp\/v2\/categories?post=417"},{"taxonomy":"post_tag","embeddable":true,"href":"https:\/\/www.pro-act.at\/Jugendgemeinderat-Graz\/wp-json\/wp\/v2\/tags?post=417"}],"curies":[{"name":"wp","href":"https:\/\/api.w.org\/{rel}","templated":true}]}}