{"id":436,"date":"2017-11-09T15:09:09","date_gmt":"2017-11-09T14:09:09","guid":{"rendered":"http:\/\/www.pro-act.at\/Jugendgemeinderat-Graz\/?p=436"},"modified":"2017-11-09T15:13:38","modified_gmt":"2017-11-09T14:13:38","slug":"proact-hat-ein-neues-zu-hause","status":"publish","type":"post","link":"https:\/\/www.pro-act.at\/Jugendgemeinderat-Graz\/2017\/11\/proact-hat-ein-neues-zu-hause\/","title":{"rendered":"proAct hat ein neues zu Hause"},"content":{"rendered":"<p>Liebe Leute,<br \/>\nproAct hat ein neues zu Hause bekommen und wir m\u00f6chten uns gerne bei euch vorstellen. Wir sind Martin, Nina und Chris (v.l.n.r.) &#8211; Wir sind die hauptamtlichen Mitarbeiter*innen im <strong>Jugendtreffpunkt Dietrichskeusch&#8217;n<\/strong> am Dietrichsteinplatz 9, 8010 Graz und sind eure neuen Ansprechpartner*innen rund um eure Projekte sowie den Jugendgemeinderat etc.<\/p>\n<p>Aktuell befinden wir uns noch in der \u00dcbernahmephase, sind jedoch voll und ganz bereit mit euch in eine neue Etappe von proAct zu starten.<\/p>\n<p>Ihr erreicht uns pers\u00f6nlich w\u00e4hrend unserer \u00d6ffnungszeiten direkt im Jugendtreffpunkt Dietrichskeusch&#8217;n:<br \/>\nMi &amp; Do: 17:15 Uhr bis 21:00 Uhr sowie<br \/>\nFr &amp; Sa: 17:15 Uhr bis 22:00 Uhr<br \/>\nFeiertags geschlossen!<br \/>\noder auch per E-Mail unter:<br \/>\n<a href=\"mailto:proAct@dietrichskeuschn.com\">proAct@dietrichskeuschn.com<\/a><\/p>\n<p>Unter unserer neuen Telefonnummer: +43 660 8220820 erreicht ihr mit euren Anliegen au\u00dferdem Chris bzw. Nina.<\/p>\n<p>Wir freuen uns auf eine spannende Zeit mit euch!<br \/>\nAlles Liebe &amp; bis bald,<br \/>\nChris, Nina &amp; Martin<\/p>\n","protected":false},"excerpt":{"rendered":"<p>Liebe Leute, proAct hat ein neues zu Hause bekommen und wir m\u00f6chten uns gerne bei euch vorstellen. Wir sind Martin, Nina und Chris (v.l.n.r.) &#8211; Wir sind die hauptamtlichen Mitarbeiter*innen im Jugendtreffpunkt Dietrichskeusch&#8217;n am Dietrichsteinplatz 9, 8010 Graz und sind eure neuen Ansprechpartner*innen rund um eure Projekte sowie den Jugendgemeinderat etc. Aktuell befinden wir uns [&hellip;]<\/p>\n","protected":false},"author":6,"featured_media":437,"comment_status":"closed","ping_status":"closed","sticky":false,"template":"","format":"standard","meta":{"footnotes":""},"categories":[1],"tags":[],"class_list":["post-436","post","type-post","status-publish","format-standard","has-post-thumbnail","hentry","category-news"],"_links":{"self":[{"href":"https:\/\/www.pro-act.at\/Jugendgemeinderat-Graz\/wp-json\/wp\/v2\/posts\/436","targetHints":{"allow":["GET"]}}],"collection":[{"href":"https:\/\/www.pro-act.at\/Jugendgemeinderat-Graz\/wp-json\/wp\/v2\/posts"}],"about":[{"href":"https:\/\/www.pro-act.at\/Jugendgemeinderat-Graz\/wp-json\/wp\/v2\/types\/post"}],"author":[{"embeddable":true,"href":"https:\/\/www.pro-act.at\/Jugendgemeinderat-Graz\/wp-json\/wp\/v2\/users\/6"}],"replies":[{"embeddable":true,"href":"https:\/\/www.pro-act.at\/Jugendgemeinderat-Graz\/wp-json\/wp\/v2\/comments?post=436"}],"version-history":[{"count":2,"href":"https:\/\/www.pro-act.at\/Jugendgemeinderat-Graz\/wp-json\/wp\/v2\/posts\/436\/revisions"}],"predecessor-version":[{"id":439,"href":"https:\/\/www.pro-act.at\/Jugendgemeinderat-Graz\/wp-json\/wp\/v2\/posts\/436\/revisions\/439"}],"wp:featuredmedia":[{"embeddable":true,"href":"https:\/\/www.pro-act.at\/Jugendgemeinderat-Graz\/wp-json\/wp\/v2\/media\/437"}],"wp:attachment":[{"href":"https:\/\/www.pro-act.at\/Jugendgemeinderat-Graz\/wp-json\/wp\/v2\/media?parent=436"}],"wp:term":[{"taxonomy":"category","embeddable":true,"href":"https:\/\/www.pro-act.at\/Jugendgemeinderat-Graz\/wp-json\/wp\/v2\/categories?post=436"},{"taxonomy":"post_tag","embeddable":true,"href":"https:\/\/www.pro-act.at\/Jugendgemeinderat-Graz\/wp-json\/wp\/v2\/tags?post=436"}],"curies":[{"name":"wp","href":"https:\/\/api.w.org\/{rel}","templated":true}]}}