{"id":452,"date":"2018-01-27T15:26:48","date_gmt":"2018-01-27T14:26:48","guid":{"rendered":"http:\/\/www.pro-act.at\/Jugendgemeinderat-Graz\/?p=452"},"modified":"2018-01-27T15:26:48","modified_gmt":"2018-01-27T14:26:48","slug":"geaenderte-oeffnungszeiten-uebergangs-standort","status":"publish","type":"post","link":"https:\/\/www.pro-act.at\/Jugendgemeinderat-Graz\/2018\/01\/geaenderte-oeffnungszeiten-uebergangs-standort\/","title":{"rendered":"Ge\u00e4nderte \u00d6ffnungszeiten &#038; \u00dcbergangs-Standort"},"content":{"rendered":"<p>Die Umbauarbeiten im Jugendtreffpunkt Dietrichskeusch&#8217;n haben gestartet. Ihr findet uns einstweilen in unserem \u00dcbergangs-Quartier am Dietrichsteinplatz 8. W\u00e4hrend der Umbauphase haben wir unsere \u00d6ffnungszeiten um eine Stunde nach vorne verlegt; au\u00dferdem gibt es einen weiteren \u00d6ffnungstag, an dem ihr\u00a0<span style=\"font-size: 1rem;\">uns f\u00fcr eure Anliegen rund um proAct und den Grazer Jugendgemeinderat erreicht.<\/p>\n<p><\/span><img loading=\"lazy\" decoding=\"async\" class=\"alignnone size-full wp-image-453\" style=\"font-size: 1rem;\" src=\"http:\/\/www.pro-act.at\/Jugendgemeinderat-Graz\/wp-content\/uploads\/2018\/01\/Standort-neu.jpg\" alt=\"\" width=\"1767\" height=\"889\" \/><\/p>\n<p>Unsere <strong>aktuellen \u00d6ffnungszeiten<\/strong> sind:<\/p>\n<p>Dienstag: 11:00 Uhr bis 14:00 Uhr<br \/>\nMittwoch &amp; Donnerstag: 16:15 Uhr bis 20:00 Uhr<br \/>\nFreitag &amp; Samstag: 16:15 Uhr bis 21:00 Uhr.<br \/>\n<strong>Feiertage geschlossen!<\/strong><\/p>\n","protected":false},"excerpt":{"rendered":"<p>Die Umbauarbeiten im Jugendtreffpunkt Dietrichskeusch&#8217;n haben gestartet. Ihr findet uns einstweilen in unserem \u00dcbergangs-Quartier am Dietrichsteinplatz 8. W\u00e4hrend der Umbauphase haben wir unsere \u00d6ffnungszeiten um eine Stunde nach vorne verlegt; au\u00dferdem gibt es einen weiteren \u00d6ffnungstag, an dem ihr\u00a0uns f\u00fcr eure Anliegen rund um proAct und den Grazer Jugendgemeinderat erreicht. Unsere aktuellen \u00d6ffnungszeiten sind: Dienstag: [&hellip;]<\/p>\n","protected":false},"author":6,"featured_media":0,"comment_status":"closed","ping_status":"closed","sticky":false,"template":"","format":"standard","meta":{"footnotes":""},"categories":[1],"tags":[],"class_list":["post-452","post","type-post","status-publish","format-standard","hentry","category-news"],"_links":{"self":[{"href":"https:\/\/www.pro-act.at\/Jugendgemeinderat-Graz\/wp-json\/wp\/v2\/posts\/452","targetHints":{"allow":["GET"]}}],"collection":[{"href":"https:\/\/www.pro-act.at\/Jugendgemeinderat-Graz\/wp-json\/wp\/v2\/posts"}],"about":[{"href":"https:\/\/www.pro-act.at\/Jugendgemeinderat-Graz\/wp-json\/wp\/v2\/types\/post"}],"author":[{"embeddable":true,"href":"https:\/\/www.pro-act.at\/Jugendgemeinderat-Graz\/wp-json\/wp\/v2\/users\/6"}],"replies":[{"embeddable":true,"href":"https:\/\/www.pro-act.at\/Jugendgemeinderat-Graz\/wp-json\/wp\/v2\/comments?post=452"}],"version-history":[{"count":2,"href":"https:\/\/www.pro-act.at\/Jugendgemeinderat-Graz\/wp-json\/wp\/v2\/posts\/452\/revisions"}],"predecessor-version":[{"id":455,"href":"https:\/\/www.pro-act.at\/Jugendgemeinderat-Graz\/wp-json\/wp\/v2\/posts\/452\/revisions\/455"}],"wp:attachment":[{"href":"https:\/\/www.pro-act.at\/Jugendgemeinderat-Graz\/wp-json\/wp\/v2\/media?parent=452"}],"wp:term":[{"taxonomy":"category","embeddable":true,"href":"https:\/\/www.pro-act.at\/Jugendgemeinderat-Graz\/wp-json\/wp\/v2\/categories?post=452"},{"taxonomy":"post_tag","embeddable":true,"href":"https:\/\/www.pro-act.at\/Jugendgemeinderat-Graz\/wp-json\/wp\/v2\/tags?post=452"}],"curies":[{"name":"wp","href":"https:\/\/api.w.org\/{rel}","templated":true}]}}