{"id":494,"date":"2018-02-14T13:23:53","date_gmt":"2018-02-14T12:23:53","guid":{"rendered":"http:\/\/www.pro-act.at\/Jugendgemeinderat-Graz\/?p=494"},"modified":"2018-02-14T13:23:53","modified_gmt":"2018-02-14T12:23:53","slug":"taste-of-love-offizielle-veroeffentlichung","status":"publish","type":"post","link":"https:\/\/www.pro-act.at\/Jugendgemeinderat-Graz\/2018\/02\/taste-of-love-offizielle-veroeffentlichung\/","title":{"rendered":"Taste of Love &#8211; offizielle Ver\u00f6ffentlichung"},"content":{"rendered":"<p><img loading=\"lazy\" decoding=\"async\" class=\"alignnone size-medium wp-image-495\" src=\"http:\/\/www.pro-act.at\/Jugendgemeinderat-Graz\/wp-content\/uploads\/2018\/02\/TASTE-OF-LOVE-STILL-LAURELS_preview-380x199.jpeg\" alt=\"\" width=\"380\" height=\"199\" srcset=\"https:\/\/www.pro-act.at\/Jugendgemeinderat-Graz\/wp-content\/uploads\/2018\/02\/TASTE-OF-LOVE-STILL-LAURELS_preview-380x199.jpeg 380w, https:\/\/www.pro-act.at\/Jugendgemeinderat-Graz\/wp-content\/uploads\/2018\/02\/TASTE-OF-LOVE-STILL-LAURELS_preview-768x403.jpeg 768w, https:\/\/www.pro-act.at\/Jugendgemeinderat-Graz\/wp-content\/uploads\/2018\/02\/TASTE-OF-LOVE-STILL-LAURELS_preview-624x327.jpeg 624w, https:\/\/www.pro-act.at\/Jugendgemeinderat-Graz\/wp-content\/uploads\/2018\/02\/TASTE-OF-LOVE-STILL-LAURELS_preview.jpeg 2048w\" sizes=\"auto, (max-width: 380px) 100vw, 380px\" \/><\/p>\n<p>S\u00fc\u00df, sauer, bitter oder salzig? Ein M\u00e4dchen begibt sich auf einen aromatischen Trip der Liebe und reizt ihre Geschmacksknospen bis zum geschmacklichen H\u00f6hepunkt. Mit allen Sinnesrezeptoren erkundet sie die unterschiedlichsten Formen und somit Geschm\u00e4cker der Liebe. \u201eDie Liebe ist so variabel wie unser Geschmack.\u201c<\/p>\n<p>\u201eTaste of Love\u201c ist ein Kurzfilmprojekt vom Team rund um Regisseur und Produzent Paul Scheufler, welches beim <strong>proAct Jugendgemeinderat 2016<\/strong> im demokratischen Rahmen von den Jugendlichen der Stadt Graz gew\u00e4hlt und im darauffolgenden Jahr realisiert wurde. Nachdem \u201eTaste of Love\u201c nun bei mehreren internationalen Filmfestivals vertreten war wurde der Film nun heute, am Tag der Liebe, offiziell ver\u00f6ffentlicht. F\u00fcr uns ist \u201eTaste of Love\u201c ein gro\u00dfartiges Jugendprojekt mit einer starken Message und wir freuen uns, dass <strong>proAct<\/strong> Teil dieser wunderbaren Erfolgsgeschichte sein darf.<\/p>\n<p>Hier geht\u2019s direkt zum Film:<br \/>\n<a href=\"https:\/\/vimeo.com\/paulscheufler\/tasteoflove\">https:\/\/vimeo.com\/paulscheufler\/tasteoflove<\/a><\/p>\n<p>Ein Making-Of-Video von \u201eTaste of Love\u201c k\u00f6nnt ihr euch au\u00dferdem hier anschauen:<br \/>\n<a href=\"https:\/\/vimeo.com\/225537983\">https:\/\/vimeo.com\/225537983<\/a><\/p>\n<p>Weitere Infos gibt es auch unter folgenden Links:<br \/>\n<a href=\"http:\/\/www.tasteoflove.at\/\">http:\/\/www.tasteoflove.at\/<br \/>\n<\/a><a href=\"https:\/\/www.facebook.com\/tasteoflovemovie\/\">https:\/\/www.facebook.com\/tasteoflovemovie\/<br \/>\n<\/a><a href=\"http:\/\/www.paulscheufler.com\/\">http:\/\/www.paulscheufler.com\/<br \/>\n<\/a><a href=\"https:\/\/www.facebook.com\/scheufler.paul\">https:\/\/www.facebook.com\/scheufler.paul<\/a><\/p>\n","protected":false},"excerpt":{"rendered":"<p>S\u00fc\u00df, sauer, bitter oder salzig? Ein M\u00e4dchen begibt sich auf einen aromatischen Trip der Liebe und reizt ihre Geschmacksknospen bis zum geschmacklichen H\u00f6hepunkt. Mit allen Sinnesrezeptoren erkundet sie die unterschiedlichsten Formen und somit Geschm\u00e4cker der Liebe. \u201eDie Liebe ist so variabel wie unser Geschmack.\u201c \u201eTaste of Love\u201c ist ein Kurzfilmprojekt vom Team rund um Regisseur [&hellip;]<\/p>\n","protected":false},"author":6,"featured_media":0,"comment_status":"closed","ping_status":"closed","sticky":false,"template":"","format":"standard","meta":{"footnotes":""},"categories":[1],"tags":[],"class_list":["post-494","post","type-post","status-publish","format-standard","hentry","category-news"],"_links":{"self":[{"href":"https:\/\/www.pro-act.at\/Jugendgemeinderat-Graz\/wp-json\/wp\/v2\/posts\/494","targetHints":{"allow":["GET"]}}],"collection":[{"href":"https:\/\/www.pro-act.at\/Jugendgemeinderat-Graz\/wp-json\/wp\/v2\/posts"}],"about":[{"href":"https:\/\/www.pro-act.at\/Jugendgemeinderat-Graz\/wp-json\/wp\/v2\/types\/post"}],"author":[{"embeddable":true,"href":"https:\/\/www.pro-act.at\/Jugendgemeinderat-Graz\/wp-json\/wp\/v2\/users\/6"}],"replies":[{"embeddable":true,"href":"https:\/\/www.pro-act.at\/Jugendgemeinderat-Graz\/wp-json\/wp\/v2\/comments?post=494"}],"version-history":[{"count":2,"href":"https:\/\/www.pro-act.at\/Jugendgemeinderat-Graz\/wp-json\/wp\/v2\/posts\/494\/revisions"}],"predecessor-version":[{"id":497,"href":"https:\/\/www.pro-act.at\/Jugendgemeinderat-Graz\/wp-json\/wp\/v2\/posts\/494\/revisions\/497"}],"wp:attachment":[{"href":"https:\/\/www.pro-act.at\/Jugendgemeinderat-Graz\/wp-json\/wp\/v2\/media?parent=494"}],"wp:term":[{"taxonomy":"category","embeddable":true,"href":"https:\/\/www.pro-act.at\/Jugendgemeinderat-Graz\/wp-json\/wp\/v2\/categories?post=494"},{"taxonomy":"post_tag","embeddable":true,"href":"https:\/\/www.pro-act.at\/Jugendgemeinderat-Graz\/wp-json\/wp\/v2\/tags?post=494"}],"curies":[{"name":"wp","href":"https:\/\/api.w.org\/{rel}","templated":true}]}}