{"id":688,"date":"2020-03-20T18:21:10","date_gmt":"2020-03-20T17:21:10","guid":{"rendered":"http:\/\/www.pro-act.at\/Jugendgemeinderat-Graz\/?p=688"},"modified":"2020-03-20T18:21:49","modified_gmt":"2020-03-20T17:21:49","slug":"breaking-news","status":"publish","type":"post","link":"https:\/\/www.pro-act.at\/Jugendgemeinderat-Graz\/2020\/03\/breaking-news\/","title":{"rendered":"BREAKING NEWS"},"content":{"rendered":"\n<figure class=\"wp-block-image is-resized\"><img loading=\"lazy\" decoding=\"async\" src=\"http:\/\/www.pro-act.at\/Jugendgemeinderat-Graz\/wp-content\/uploads\/2020\/03\/Keuschn-@Discord-380x214.jpg\" alt=\"\" class=\"wp-image-689\" width=\"357\" height=\"201\" srcset=\"https:\/\/www.pro-act.at\/Jugendgemeinderat-Graz\/wp-content\/uploads\/2020\/03\/Keuschn-@Discord-380x214.jpg 380w, https:\/\/www.pro-act.at\/Jugendgemeinderat-Graz\/wp-content\/uploads\/2020\/03\/Keuschn-@Discord-768x432.jpg 768w, https:\/\/www.pro-act.at\/Jugendgemeinderat-Graz\/wp-content\/uploads\/2020\/03\/Keuschn-@Discord-624x351.jpg 624w, https:\/\/www.pro-act.at\/Jugendgemeinderat-Graz\/wp-content\/uploads\/2020\/03\/Keuschn-@Discord.jpg 960w\" sizes=\"auto, (max-width: 357px) 100vw, 357px\" \/><\/figure>\n\n\n\n<p>Liebe Leute,<br \/><br \/>aufgrund der aktuellen Lage rund um SARS CoV-2 (Corona-Virus) hat der Jugendtreffpunkt Dietrichskeusch&#8217;n vorerst geschlossen.<br \/>Wir sind dennoch f\u00fcr euch da:<br \/>Falls ihr Fragen rund um proAct habt, oder einfach mal ein bisschen Abwechslung braucht erreicht ihr uns von Mittwoch bis Samstag (18:00 Uhr bis 20:00 Uhr) in unserem Online-JUZ auf <strong>Discord<\/strong>. <br \/><br \/><strong>Was ihr daf\u00fcr braucht?<\/strong><br \/>&#8211; Die Discord-App &amp; ein Discord-Konto (beides ist kostenfrei)<br \/>&#8211; Im Idealfall ein Headset. Dann k\u00f6nnt ihr auch in unseren Sprachkanal kommen und m\u00fcsst nicht ununterbrochen tippen ;)<br \/>&#8211; Den Einladungslink zum Tages-Kanal. Diesen ver\u00f6ffentlichen wir kurz vor 18:00 Uhr \u00fcber folgende Kan\u00e4le:<br \/>a) Facebook ( <a href=\"https:\/\/www.facebook.com\/JugendtreffpunktDietrichskeuschn\/\">https:\/\/www.facebook.com\/JugendtreffpunktDietrichskeuschn\/<\/a> )<br \/>b) Instagram (@dietrichskeuschn)<br \/>c) Telegram-Broadcast (@keuschn)<br \/><br \/><strong>Worum WIR euch bitten m\u00f6chten:<\/strong><br \/>Bitte nehmt die aktuelle Lage ernst! Achtet auf die Bestimmungen unserer Bundesregierung, passt auf euch auf und vor allem: nehmt R\u00fccksicht auf \u00e4ltere und kranke Menschen. <br \/><br \/><strong><em>!!! Bleibt zu Hause !!!<br \/>!!! Vermeidet so gut es geht soziale Kontakte !!!<br \/>!!! Wascht euch regelm\u00e4\u00dfig und gut die H\u00e4nde mit Seife. Idealerweise benutzt ihr anschlie\u00dfen ein antivirales Handdesinfektionsmittel !!! <\/em><\/strong><br \/><br \/><strong>Weitere Informationen rund um das Corona-Virus findet ihr hier:<br \/><\/strong><br \/>Stadt Graz:  <a href=\"https:\/\/www.graz.at\/cms\/beitrag\/10343760\/7747784\/Coronavirus_Aktuelles_Fakten_und_Tipps.html\">https:\/\/www.graz.at\/cms\/beitrag\/10343760\/7747784\/Coronavirus_Aktuelles_Fakten_und_Tipps.html<\/a> <br \/>Sozialministerium:  <br \/><a href=\"https:\/\/www.sozialministerium.at\/Informationen-zum-Coronavirus\/Neuartiges-Coronavirus-(2019-nCov).html\">https:\/\/www.sozialministerium.at\/Informationen-zum-Coronavirus\/Neuartiges-Coronavirus-(2019-nCov).html<\/a> <br \/>ORF: <br \/> <a href=\"https:\/\/orf.at\/corona\/\">https:\/\/orf.at\/corona\/<\/a> <br \/><\/p>\n","protected":false},"excerpt":{"rendered":"<p>Liebe Leute, aufgrund der aktuellen Lage rund um SARS CoV-2 (Corona-Virus) hat der Jugendtreffpunkt Dietrichskeusch&#8217;n vorerst geschlossen.Wir sind dennoch f\u00fcr euch da:Falls ihr Fragen rund um proAct habt, oder einfach mal ein bisschen Abwechslung braucht erreicht ihr uns von Mittwoch bis Samstag (18:00 Uhr bis 20:00 Uhr) in unserem Online-JUZ auf Discord. Was ihr daf\u00fcr [&hellip;]<\/p>\n","protected":false},"author":6,"featured_media":0,"comment_status":"closed","ping_status":"closed","sticky":false,"template":"","format":"standard","meta":{"footnotes":""},"categories":[1],"tags":[],"class_list":["post-688","post","type-post","status-publish","format-standard","hentry","category-news"],"_links":{"self":[{"href":"https:\/\/www.pro-act.at\/Jugendgemeinderat-Graz\/wp-json\/wp\/v2\/posts\/688","targetHints":{"allow":["GET"]}}],"collection":[{"href":"https:\/\/www.pro-act.at\/Jugendgemeinderat-Graz\/wp-json\/wp\/v2\/posts"}],"about":[{"href":"https:\/\/www.pro-act.at\/Jugendgemeinderat-Graz\/wp-json\/wp\/v2\/types\/post"}],"author":[{"embeddable":true,"href":"https:\/\/www.pro-act.at\/Jugendgemeinderat-Graz\/wp-json\/wp\/v2\/users\/6"}],"replies":[{"embeddable":true,"href":"https:\/\/www.pro-act.at\/Jugendgemeinderat-Graz\/wp-json\/wp\/v2\/comments?post=688"}],"version-history":[{"count":4,"href":"https:\/\/www.pro-act.at\/Jugendgemeinderat-Graz\/wp-json\/wp\/v2\/posts\/688\/revisions"}],"predecessor-version":[{"id":693,"href":"https:\/\/www.pro-act.at\/Jugendgemeinderat-Graz\/wp-json\/wp\/v2\/posts\/688\/revisions\/693"}],"wp:attachment":[{"href":"https:\/\/www.pro-act.at\/Jugendgemeinderat-Graz\/wp-json\/wp\/v2\/media?parent=688"}],"wp:term":[{"taxonomy":"category","embeddable":true,"href":"https:\/\/www.pro-act.at\/Jugendgemeinderat-Graz\/wp-json\/wp\/v2\/categories?post=688"},{"taxonomy":"post_tag","embeddable":true,"href":"https:\/\/www.pro-act.at\/Jugendgemeinderat-Graz\/wp-json\/wp\/v2\/tags?post=688"}],"curies":[{"name":"wp","href":"https:\/\/api.w.org\/{rel}","templated":true}]}}