{"id":697,"date":"2020-04-21T17:56:33","date_gmt":"2020-04-21T16:56:33","guid":{"rendered":"http:\/\/www.pro-act.at\/Jugendgemeinderat-Graz\/?p=697"},"modified":"2020-04-21T17:56:35","modified_gmt":"2020-04-21T16:56:35","slug":"absage-proact-2020","status":"publish","type":"post","link":"https:\/\/www.pro-act.at\/Jugendgemeinderat-Graz\/2020\/04\/absage-proact-2020\/","title":{"rendered":"Absage proAct 2020"},"content":{"rendered":"\n<figure class=\"wp-block-image\"><img loading=\"lazy\" decoding=\"async\" width=\"380\" height=\"380\" src=\"http:\/\/www.pro-act.at\/Jugendgemeinderat-Graz\/wp-content\/uploads\/2020\/04\/Absage_proAct20_web-380x380.jpg\" alt=\"\" class=\"wp-image-699\" srcset=\"https:\/\/www.pro-act.at\/Jugendgemeinderat-Graz\/wp-content\/uploads\/2020\/04\/Absage_proAct20_web-380x380.jpg 380w, https:\/\/www.pro-act.at\/Jugendgemeinderat-Graz\/wp-content\/uploads\/2020\/04\/Absage_proAct20_web-768x768.jpg 768w, https:\/\/www.pro-act.at\/Jugendgemeinderat-Graz\/wp-content\/uploads\/2020\/04\/Absage_proAct20_web-624x624.jpg 624w, https:\/\/www.pro-act.at\/Jugendgemeinderat-Graz\/wp-content\/uploads\/2020\/04\/Absage_proAct20_web.jpg 1024w\" sizes=\"auto, (max-width: 380px) 100vw, 380px\" \/><\/figure>\n\n\n\n<p>Leider m\u00fcssen wir aufgrund der aktuellen Situation rund um das Corona-Virus den proAct Jugendgemeinderat am 05.06.2020 <strong>absagen<\/strong>! Wir sind bem\u00fcht f\u00fcr Jahresende einen kleinen Event bei uns im <a href=\"http:\/\/www.dietrichskeuschn.com\">Jugendtreffpunkt Dietrichskeusch&#8217;n<\/a> f\u00fcr euch zu organisieren. Weitere Infos diesbez\u00fcglich erhaltet ihr so bald wie m\u00f6glich!<br \/><br \/>Wenn ihr Fragen rund um proAct habt, oder einfach mal einen Tapetenwechsel braucht, dann k\u00f6nnt ihr uns gerne in der Online-Dietrichskeusch&#8217;n auf <strong>Discord <\/strong>besuchen. Wir sind Mittwoch bis Samstag von 18:00 bis 20:00 Uhr f\u00fcr euch da!<br \/><a href=\"https:\/\/discord.gg\/HTnyn9V\">https:\/\/discord.gg\/HTnyn9V<\/a><br \/><br \/>Bleibt gesund, passt gut auf euch auf und auf bald,<br \/>Chris, Nina, Maren &amp; Martin <\/p>\n","protected":false},"excerpt":{"rendered":"<p>Leider m\u00fcssen wir aufgrund der aktuellen Situation rund um das Corona-Virus den proAct Jugendgemeinderat am 05.06.2020 absagen! Wir sind bem\u00fcht f\u00fcr Jahresende einen kleinen Event bei uns im Jugendtreffpunkt Dietrichskeusch&#8217;n f\u00fcr euch zu organisieren. Weitere Infos diesbez\u00fcglich erhaltet ihr so bald wie m\u00f6glich! Wenn ihr Fragen rund um proAct habt, oder einfach mal einen Tapetenwechsel [&hellip;]<\/p>\n","protected":false},"author":6,"featured_media":0,"comment_status":"closed","ping_status":"closed","sticky":false,"template":"","format":"standard","meta":{"footnotes":""},"categories":[1],"tags":[],"class_list":["post-697","post","type-post","status-publish","format-standard","hentry","category-news"],"_links":{"self":[{"href":"https:\/\/www.pro-act.at\/Jugendgemeinderat-Graz\/wp-json\/wp\/v2\/posts\/697","targetHints":{"allow":["GET"]}}],"collection":[{"href":"https:\/\/www.pro-act.at\/Jugendgemeinderat-Graz\/wp-json\/wp\/v2\/posts"}],"about":[{"href":"https:\/\/www.pro-act.at\/Jugendgemeinderat-Graz\/wp-json\/wp\/v2\/types\/post"}],"author":[{"embeddable":true,"href":"https:\/\/www.pro-act.at\/Jugendgemeinderat-Graz\/wp-json\/wp\/v2\/users\/6"}],"replies":[{"embeddable":true,"href":"https:\/\/www.pro-act.at\/Jugendgemeinderat-Graz\/wp-json\/wp\/v2\/comments?post=697"}],"version-history":[{"count":2,"href":"https:\/\/www.pro-act.at\/Jugendgemeinderat-Graz\/wp-json\/wp\/v2\/posts\/697\/revisions"}],"predecessor-version":[{"id":701,"href":"https:\/\/www.pro-act.at\/Jugendgemeinderat-Graz\/wp-json\/wp\/v2\/posts\/697\/revisions\/701"}],"wp:attachment":[{"href":"https:\/\/www.pro-act.at\/Jugendgemeinderat-Graz\/wp-json\/wp\/v2\/media?parent=697"}],"wp:term":[{"taxonomy":"category","embeddable":true,"href":"https:\/\/www.pro-act.at\/Jugendgemeinderat-Graz\/wp-json\/wp\/v2\/categories?post=697"},{"taxonomy":"post_tag","embeddable":true,"href":"https:\/\/www.pro-act.at\/Jugendgemeinderat-Graz\/wp-json\/wp\/v2\/tags?post=697"}],"curies":[{"name":"wp","href":"https:\/\/api.w.org\/{rel}","templated":true}]}}