{"id":728,"date":"2021-01-23T14:32:49","date_gmt":"2021-01-23T13:32:49","guid":{"rendered":"http:\/\/www.pro-act.at\/Jugendgemeinderat-Graz\/?p=728"},"modified":"2021-01-23T14:32:51","modified_gmt":"2021-01-23T13:32:51","slug":"save-the-date-proact-2021","status":"publish","type":"post","link":"https:\/\/www.pro-act.at\/Jugendgemeinderat-Graz\/2021\/01\/save-the-date-proact-2021\/","title":{"rendered":"Save the Date! proAct 2021"},"content":{"rendered":"\n<figure class=\"wp-block-image\"><img loading=\"lazy\" decoding=\"async\" width=\"380\" height=\"380\" src=\"http:\/\/www.pro-act.at\/Jugendgemeinderat-Graz\/wp-content\/uploads\/2021\/01\/Save-the-date-380x380.jpg\" alt=\"\" class=\"wp-image-729\" srcset=\"https:\/\/www.pro-act.at\/Jugendgemeinderat-Graz\/wp-content\/uploads\/2021\/01\/Save-the-date-380x380.jpg 380w, https:\/\/www.pro-act.at\/Jugendgemeinderat-Graz\/wp-content\/uploads\/2021\/01\/Save-the-date-768x768.jpg 768w, https:\/\/www.pro-act.at\/Jugendgemeinderat-Graz\/wp-content\/uploads\/2021\/01\/Save-the-date-624x624.jpg 624w, https:\/\/www.pro-act.at\/Jugendgemeinderat-Graz\/wp-content\/uploads\/2021\/01\/Save-the-date.jpg 1080w\" sizes=\"auto, (max-width: 380px) 100vw, 380px\" \/><\/figure>\n\n\n\n<p><strong> Save the Date!\u00a0<\/strong><\/p>\n\n\n\n<p>Letztes Jahr ist leider das 10-j\u00e4hrige Jubil\u00e4um von proAct CoVid19 bedingt ausgefallen.&nbsp;<\/p>\n\n\n\n<p>Umso mehr freuen wir uns bekannt zu geben, dass f\u00fcr heuer der Termin feststeht. 10+1 Jahre proAct geh\u00f6ren gefeiert. Deshalb gibt es in diesem Jahr ein Budget von 35.000\u20ac f\u00fcr eure Projekte.\u00a0<\/p>\n\n\n\n<p><strong>ACHTUNG: Da sich der Gemeinderatssitzungssaal des Grazer Rathauses im Umbau befindet wird der proAct Jugendgemeinderat am 11.06.2021 in der Messe Graz (Freiluftarena B) stattfinden!<\/strong><\/p>\n\n\n\n<p>Wenn ihr mehr erfahren wollt, checkt unsere Social-Media Kan\u00e4le und die Homepage aus.<\/p>\n\n\n\n<p>F\u00fcr Fragen, Einreichung von Projekten, Unterst\u00fctzung etc. ist das proAct-Team f\u00fcr euch da!<\/p>\n\n\n\n<p>Wir freuen uns schon auf eure Projektideen<\/p>\n","protected":false},"excerpt":{"rendered":"<p>Save the Date!\u00a0 Letztes Jahr ist leider das 10-j\u00e4hrige Jubil\u00e4um von proAct CoVid19 bedingt ausgefallen.&nbsp; Umso mehr freuen wir uns bekannt zu geben, dass f\u00fcr heuer der Termin feststeht. 10+1 Jahre proAct geh\u00f6ren gefeiert. Deshalb gibt es in diesem Jahr ein Budget von 35.000\u20ac f\u00fcr eure Projekte.\u00a0 ACHTUNG: Da sich der Gemeinderatssitzungssaal des Grazer Rathauses [&hellip;]<\/p>\n","protected":false},"author":6,"featured_media":0,"comment_status":"closed","ping_status":"closed","sticky":false,"template":"","format":"standard","meta":{"footnotes":""},"categories":[1],"tags":[],"class_list":["post-728","post","type-post","status-publish","format-standard","hentry","category-news"],"_links":{"self":[{"href":"https:\/\/www.pro-act.at\/Jugendgemeinderat-Graz\/wp-json\/wp\/v2\/posts\/728","targetHints":{"allow":["GET"]}}],"collection":[{"href":"https:\/\/www.pro-act.at\/Jugendgemeinderat-Graz\/wp-json\/wp\/v2\/posts"}],"about":[{"href":"https:\/\/www.pro-act.at\/Jugendgemeinderat-Graz\/wp-json\/wp\/v2\/types\/post"}],"author":[{"embeddable":true,"href":"https:\/\/www.pro-act.at\/Jugendgemeinderat-Graz\/wp-json\/wp\/v2\/users\/6"}],"replies":[{"embeddable":true,"href":"https:\/\/www.pro-act.at\/Jugendgemeinderat-Graz\/wp-json\/wp\/v2\/comments?post=728"}],"version-history":[{"count":2,"href":"https:\/\/www.pro-act.at\/Jugendgemeinderat-Graz\/wp-json\/wp\/v2\/posts\/728\/revisions"}],"predecessor-version":[{"id":731,"href":"https:\/\/www.pro-act.at\/Jugendgemeinderat-Graz\/wp-json\/wp\/v2\/posts\/728\/revisions\/731"}],"wp:attachment":[{"href":"https:\/\/www.pro-act.at\/Jugendgemeinderat-Graz\/wp-json\/wp\/v2\/media?parent=728"}],"wp:term":[{"taxonomy":"category","embeddable":true,"href":"https:\/\/www.pro-act.at\/Jugendgemeinderat-Graz\/wp-json\/wp\/v2\/categories?post=728"},{"taxonomy":"post_tag","embeddable":true,"href":"https:\/\/www.pro-act.at\/Jugendgemeinderat-Graz\/wp-json\/wp\/v2\/tags?post=728"}],"curies":[{"name":"wp","href":"https:\/\/api.w.org\/{rel}","templated":true}]}}