{"id":749,"date":"2021-05-15T12:42:00","date_gmt":"2021-05-15T11:42:00","guid":{"rendered":"http:\/\/www.pro-act.at\/Jugendgemeinderat-Graz\/?p=749"},"modified":"2021-06-08T16:07:35","modified_gmt":"2021-06-08T15:07:35","slug":"voraussetzungen-fuer-die-teilnahme","status":"publish","type":"post","link":"https:\/\/www.pro-act.at\/Jugendgemeinderat-Graz\/2021\/05\/voraussetzungen-fuer-die-teilnahme\/","title":{"rendered":"Voraussetzungen f\u00fcr die Teilnahme"},"content":{"rendered":"<p><span style=\"color: #ff0000;\"><strong>Achtung, die Informationen auf dieser Seite k\u00f6nnen sich \u00e4ndern, sollte es neue Verordnungen geben. Die Infos werden von uns regelm\u00e4\u00dfig upgedatet.<\/strong><\/span><\/p>\n<p>Seit 19. Mai 2021 gibt es einige Lockerungen der CoVid19-Sicherheitsma\u00dfnahmen geben.<br \/>Das bedeutet, dass das 10. Jubil\u00e4um des proAct Jugendgemeinderats heuer stattfinden wird.&nbsp;<\/p>\n<p>Nat\u00fcrlich sind diese Lockerungen auch mit Auflagen verbunden, damit wir alle gut gesch\u00fctzt sind und gesund bleiben.<\/p>\n<p>Wir wollen dich so gut wie m\u00f6glich auf diese Auflagen vorbereiten, damit du wei\u00dft was auf dich zukommen wird.<\/p>\n<p>Um beim Event dabei sein zu k\u00f6nnen brauchst du:&nbsp;<\/p>\n<ul>\n<li>einen<strong> Lichtbildausweis&nbsp;<\/strong><\/li>\n<li>eine <strong>FFP2-Maske<br \/><\/strong><\/li>\n<li>einen <strong>Nachweis,<\/strong> dass du entweder getestet, geimpft oder genesen bist:\n<ul>\n<li><strong>getestet<\/strong> <br \/>es gelten der Corona-Testpass, Heimtest mit QR-Code (24h), Antigen-Test (48h) oder ein PCR-Test (72h)<br \/><em>Die Teststra\u00dfe der Messe ist auch gleich ums Eck, das hei\u00dft es bietet sich dann an einfach kurz vorm Kommen dort einen Test zu machen, dann ersparst du dir Zeit und Weg. <\/em><\/li>\n<li><strong>geimpft <br \/><\/strong>der erste Teil der Impfung muss mind. 22 Tage zur\u00fcckliegen.<\/li>\n<li><strong>genesen<\/strong><br \/>dh. du hast eine \u00e4rztliche Best\u00e4tigung, dass du in den letzten 6 Monaten CoVid hattest.<\/li>\n<\/ul>\n<\/li>\n<\/ul>\n<ul>\n<li>mit der <strong>Registrierung und Anmeldung beim Eingang bis 17.00 Uhr <\/strong>bekommst du deine Stimmberechtigung (2 Stimmen).<\/li>\n<li>beim Hineingehen oder Bewegen musst du<strong> 2m Abstand<\/strong> zu anderen Personen halten und die Maske tragen.<\/li>\n<li>du bekommst einen <strong>Sitzplatz zugewiesen<\/strong>, bitte bleibe dort auch sitzen! Einer dazwischen muss dar\u00fcber hinaus immer frei bleiben.<\/li>\n<li>am Platz darfst du die Maske abnehmen und auch essen und trinken.<\/li>\n<\/ul>\n<p style=\"text-align: center;\"><strong>Wir freuen uns auf dich und eine spannende und coole Veranstaltung!&nbsp;<\/strong><\/p>\n<p>Das vollst\u00e4ndige Pr\u00e4ventionskonzept f\u00fcr die Veranstaltung kannst du dir hier downloaden: <a href=\"http:\/\/www.pro-act.at\/Jugendgemeinderat-Graz\/wp-content\/uploads\/2021\/05\/proAct21-Pra\u0308ventionskonzept.pdf\">proAct21-Pra\u0308ventionskonzept.pdf<\/a><\/p>\n\n\n<p><\/p>\n","protected":false},"excerpt":{"rendered":"<p>Achtung, die Informationen auf dieser Seite k\u00f6nnen sich \u00e4ndern, sollte es neue Verordnungen geben. Die Infos werden von uns regelm\u00e4\u00dfig upgedatet. Seit 19. Mai 2021 gibt es einige Lockerungen der CoVid19-Sicherheitsma\u00dfnahmen geben.Das bedeutet, dass das 10. Jubil\u00e4um des proAct Jugendgemeinderats heuer stattfinden wird.&nbsp; Nat\u00fcrlich sind diese Lockerungen auch mit Auflagen verbunden, damit wir alle gut [&hellip;]<\/p>\n","protected":false},"author":6,"featured_media":0,"comment_status":"closed","ping_status":"closed","sticky":false,"template":"","format":"standard","meta":{"footnotes":""},"categories":[1],"tags":[],"class_list":["post-749","post","type-post","status-publish","format-standard","hentry","category-news"],"_links":{"self":[{"href":"https:\/\/www.pro-act.at\/Jugendgemeinderat-Graz\/wp-json\/wp\/v2\/posts\/749","targetHints":{"allow":["GET"]}}],"collection":[{"href":"https:\/\/www.pro-act.at\/Jugendgemeinderat-Graz\/wp-json\/wp\/v2\/posts"}],"about":[{"href":"https:\/\/www.pro-act.at\/Jugendgemeinderat-Graz\/wp-json\/wp\/v2\/types\/post"}],"author":[{"embeddable":true,"href":"https:\/\/www.pro-act.at\/Jugendgemeinderat-Graz\/wp-json\/wp\/v2\/users\/6"}],"replies":[{"embeddable":true,"href":"https:\/\/www.pro-act.at\/Jugendgemeinderat-Graz\/wp-json\/wp\/v2\/comments?post=749"}],"version-history":[{"count":11,"href":"https:\/\/www.pro-act.at\/Jugendgemeinderat-Graz\/wp-json\/wp\/v2\/posts\/749\/revisions"}],"predecessor-version":[{"id":781,"href":"https:\/\/www.pro-act.at\/Jugendgemeinderat-Graz\/wp-json\/wp\/v2\/posts\/749\/revisions\/781"}],"wp:attachment":[{"href":"https:\/\/www.pro-act.at\/Jugendgemeinderat-Graz\/wp-json\/wp\/v2\/media?parent=749"}],"wp:term":[{"taxonomy":"category","embeddable":true,"href":"https:\/\/www.pro-act.at\/Jugendgemeinderat-Graz\/wp-json\/wp\/v2\/categories?post=749"},{"taxonomy":"post_tag","embeddable":true,"href":"https:\/\/www.pro-act.at\/Jugendgemeinderat-Graz\/wp-json\/wp\/v2\/tags?post=749"}],"curies":[{"name":"wp","href":"https:\/\/api.w.org\/{rel}","templated":true}]}}