{"id":782,"date":"2021-06-08T16:13:51","date_gmt":"2021-06-08T15:13:51","guid":{"rendered":"http:\/\/www.pro-act.at\/Jugendgemeinderat-Graz\/?p=782"},"modified":"2021-06-08T16:17:26","modified_gmt":"2021-06-08T15:17:26","slug":"jubilaeumsveranstaltung-von-proact-mit-live-musik","status":"publish","type":"post","link":"https:\/\/www.pro-act.at\/Jugendgemeinderat-Graz\/2021\/06\/jubilaeumsveranstaltung-von-proact-mit-live-musik\/","title":{"rendered":"Jubil\u00e4umsveranstaltung von proAct mit Live-Musik"},"content":{"rendered":"\n<figure class=\"wp-block-gallery columns-1 is-cropped wp-block-gallery-1 is-layout-flex wp-block-gallery-is-layout-flex\"><ul class=\"blocks-gallery-grid\"><li class=\"blocks-gallery-item\"><figure><img loading=\"lazy\" decoding=\"async\" width=\"380\" height=\"380\" src=\"http:\/\/www.pro-act.at\/Jugendgemeinderat-Graz\/wp-content\/uploads\/2021\/06\/mit-den-Muisgranten-3-380x380.png\" alt=\"\" data-id=\"789\" data-full-url=\"http:\/\/www.pro-act.at\/Jugendgemeinderat-Graz\/wp-content\/uploads\/2021\/06\/mit-den-Muisgranten-3.png\" data-link=\"http:\/\/www.pro-act.at\/Jugendgemeinderat-Graz\/mit-den-muisgranten-3\/\" class=\"wp-image-789\" srcset=\"https:\/\/www.pro-act.at\/Jugendgemeinderat-Graz\/wp-content\/uploads\/2021\/06\/mit-den-Muisgranten-3-380x380.png 380w, https:\/\/www.pro-act.at\/Jugendgemeinderat-Graz\/wp-content\/uploads\/2021\/06\/mit-den-Muisgranten-3-768x768.png 768w, https:\/\/www.pro-act.at\/Jugendgemeinderat-Graz\/wp-content\/uploads\/2021\/06\/mit-den-Muisgranten-3-624x624.png 624w, https:\/\/www.pro-act.at\/Jugendgemeinderat-Graz\/wp-content\/uploads\/2021\/06\/mit-den-Muisgranten-3.png 1080w\" sizes=\"auto, (max-width: 380px) 100vw, 380px\" \/><\/figure><\/li><\/ul><\/figure>\n\n\n\n<p>Heuer findet zum 10. Mal der proAct Jugendgemeinderat statt.<\/p>\n\n\n\n<p>So ein Jubil\u00e4um geh\u00f6rt geb\u00fchrend gefeiert. Nach einem Jahr Pandemie, freuen wir uns umso mehr, dass die Musigranten live beim Jugendgemeinderat spielen werden!<\/p>\n\n\n\n<p><a href=\"https:\/\/www.facebook.com\/diemusigranten\/?__cft__%5b0%5d=AZWyqIGpnUaqdWKbrVRFaxxh8ec1If10ZunigMpVjnvroFAHH5vtKWvddKtyQng8FaGOcbfr5ue3Q2NUC96L6bKHbUqJm95b6X0NRBE-st_8L7n7Lv6wGJiUsiLF02pUETs7FeTQ_3z5Zdh6FkZplbJEMMOsnjiKaATi6MS7L6L3oPl_NFNYmfxK87nVuOtSvrY&amp;__tn__=kK-R\">Die Musigranten<\/a> sind eine Combo aus 4 jungen Burschen aus Afghanistan und die Haus- und Hofkapelle der Sprachschule Weichenstellwerk Graz.<\/p>\n","protected":false},"excerpt":{"rendered":"<p>Heuer findet zum 10. Mal der proAct Jugendgemeinderat statt. So ein Jubil\u00e4um geh\u00f6rt geb\u00fchrend gefeiert. Nach einem Jahr Pandemie, freuen wir uns umso mehr, dass die Musigranten live beim Jugendgemeinderat spielen werden! Die Musigranten sind eine Combo aus 4 jungen Burschen aus Afghanistan und die Haus- und Hofkapelle der Sprachschule Weichenstellwerk Graz.<\/p>\n","protected":false},"author":6,"featured_media":0,"comment_status":"closed","ping_status":"closed","sticky":false,"template":"","format":"standard","meta":{"footnotes":""},"categories":[1],"tags":[],"class_list":["post-782","post","type-post","status-publish","format-standard","hentry","category-news"],"_links":{"self":[{"href":"https:\/\/www.pro-act.at\/Jugendgemeinderat-Graz\/wp-json\/wp\/v2\/posts\/782","targetHints":{"allow":["GET"]}}],"collection":[{"href":"https:\/\/www.pro-act.at\/Jugendgemeinderat-Graz\/wp-json\/wp\/v2\/posts"}],"about":[{"href":"https:\/\/www.pro-act.at\/Jugendgemeinderat-Graz\/wp-json\/wp\/v2\/types\/post"}],"author":[{"embeddable":true,"href":"https:\/\/www.pro-act.at\/Jugendgemeinderat-Graz\/wp-json\/wp\/v2\/users\/6"}],"replies":[{"embeddable":true,"href":"https:\/\/www.pro-act.at\/Jugendgemeinderat-Graz\/wp-json\/wp\/v2\/comments?post=782"}],"version-history":[{"count":4,"href":"https:\/\/www.pro-act.at\/Jugendgemeinderat-Graz\/wp-json\/wp\/v2\/posts\/782\/revisions"}],"predecessor-version":[{"id":792,"href":"https:\/\/www.pro-act.at\/Jugendgemeinderat-Graz\/wp-json\/wp\/v2\/posts\/782\/revisions\/792"}],"wp:attachment":[{"href":"https:\/\/www.pro-act.at\/Jugendgemeinderat-Graz\/wp-json\/wp\/v2\/media?parent=782"}],"wp:term":[{"taxonomy":"category","embeddable":true,"href":"https:\/\/www.pro-act.at\/Jugendgemeinderat-Graz\/wp-json\/wp\/v2\/categories?post=782"},{"taxonomy":"post_tag","embeddable":true,"href":"https:\/\/www.pro-act.at\/Jugendgemeinderat-Graz\/wp-json\/wp\/v2\/tags?post=782"}],"curies":[{"name":"wp","href":"https:\/\/api.w.org\/{rel}","templated":true}]}}