{"id":794,"date":"2021-06-16T12:20:36","date_gmt":"2021-06-16T11:20:36","guid":{"rendered":"http:\/\/www.pro-act.at\/Jugendgemeinderat-Graz\/?p=794"},"modified":"2021-06-22T11:38:33","modified_gmt":"2021-06-22T10:38:33","slug":"das-war-proact-2021","status":"publish","type":"post","link":"https:\/\/www.pro-act.at\/Jugendgemeinderat-Graz\/2021\/06\/das-war-proact-2021\/","title":{"rendered":"Das war proAct 2021"},"content":{"rendered":"\n<figure class=\"wp-block-image size-large\"><img loading=\"lazy\" decoding=\"async\" width=\"380\" height=\"214\" src=\"http:\/\/www.pro-act.at\/Jugendgemeinderat-Graz\/wp-content\/uploads\/2021\/06\/1200-675-max-380x214.jpg\" alt=\"Gruppenfoto der Projektgruppen vom proAct Jugendgemeinderat 2021\" class=\"wp-image-795\" srcset=\"https:\/\/www.pro-act.at\/Jugendgemeinderat-Graz\/wp-content\/uploads\/2021\/06\/1200-675-max-380x214.jpg 380w, https:\/\/www.pro-act.at\/Jugendgemeinderat-Graz\/wp-content\/uploads\/2021\/06\/1200-675-max-768x432.jpg 768w, https:\/\/www.pro-act.at\/Jugendgemeinderat-Graz\/wp-content\/uploads\/2021\/06\/1200-675-max-624x351.jpg 624w, https:\/\/www.pro-act.at\/Jugendgemeinderat-Graz\/wp-content\/uploads\/2021\/06\/1200-675-max.jpg 1200w\" sizes=\"auto, (max-width: 380px) 100vw, 380px\" \/><figcaption>Projektgruppen und Ergebnis vom proAct Jugendgemeinderat 2021 (c) Dietrichskeusch&#8217;n<\/figcaption><\/figure>\n\n\n\n<p>Beim 10. proAct Jugendgemeinderat am 11.06.2021 nahmen insgesamt 131 wahlberechtigte Jugendliche (zwischen 14 und 21) teil, wovon 54% weibliche und 46% m\u00e4nnliche Teilnehmer:innen waren. Inklusive Politiker:innen aus dem Grazer Gemeinderat sowie den Personen au\u00dferhalb der Zielgruppe, waren insgesamt 150 Besucher:innen, in der Freiluftarena B, der Messe Graz.<\/p>\n\n\n\n<p>F\u00fcr das Jubil\u00e4um hat es 2021 wurde das Jugendbudget um \u20ac10.000,- aufgestockt. Damit standen den Jugendlichen f\u00fcr ihre Projektideen insgesamt \u20ac35.000,- zur Verf\u00fcgung. Dar\u00fcber hinaus haben die Musigranten mit grandioser Live-Musik die Veranstaltung zu etwas Besonderem gemacht.<\/p>\n\n\n\n<p><br \/>Insgesamt wurden 10 verschiedene, spannende, kreative und einzigartige Projektideen von den Jugendlichen vorgestellt. Die Wahlbeteiligung lag mit 119 Personen bei 91%. Wie auch 2019 konnten wahlberechtigten Jugendlichen, zwei Stimmen vergeben. Von den 238 abgegebenen Stimmen, waren insgesamt 16% Leerstimmen, dh. 38 der wahlberechtigten Personen w\u00e4hlten nur ein Projekt. Wir bedanken uns bei allen Jugendlichen und jungen Erwachsenen f\u00fcr ihre Beteiligung und das wundervolle Ambiente beim Jugendgemeinderat 2021, bei allen Helfer:innen, Unterst\u00fctzer:innen und Kooperationspartner:innen, sowie insbesondere bei allen Projektgruppen, die mit so viel Einsatz, Ehrgeiz und Engagement an der Planung, Entwicklung und Umsetzung ihrer Projekte arbeiten!<\/p>\n","protected":false},"excerpt":{"rendered":"<p>Beim 10. proAct Jugendgemeinderat am 11.06.2021 nahmen insgesamt 131 wahlberechtigte Jugendliche (zwischen 14 und 21) teil, wovon 54% weibliche und 46% m\u00e4nnliche Teilnehmer:innen waren. Inklusive Politiker:innen aus dem Grazer Gemeinderat sowie den Personen au\u00dferhalb der Zielgruppe, waren insgesamt 150 Besucher:innen, in der Freiluftarena B, der Messe Graz. F\u00fcr das Jubil\u00e4um hat es 2021 wurde das [&hellip;]<\/p>\n","protected":false},"author":6,"featured_media":0,"comment_status":"closed","ping_status":"closed","sticky":false,"template":"","format":"standard","meta":{"footnotes":""},"categories":[1],"tags":[],"class_list":["post-794","post","type-post","status-publish","format-standard","hentry","category-news"],"_links":{"self":[{"href":"https:\/\/www.pro-act.at\/Jugendgemeinderat-Graz\/wp-json\/wp\/v2\/posts\/794","targetHints":{"allow":["GET"]}}],"collection":[{"href":"https:\/\/www.pro-act.at\/Jugendgemeinderat-Graz\/wp-json\/wp\/v2\/posts"}],"about":[{"href":"https:\/\/www.pro-act.at\/Jugendgemeinderat-Graz\/wp-json\/wp\/v2\/types\/post"}],"author":[{"embeddable":true,"href":"https:\/\/www.pro-act.at\/Jugendgemeinderat-Graz\/wp-json\/wp\/v2\/users\/6"}],"replies":[{"embeddable":true,"href":"https:\/\/www.pro-act.at\/Jugendgemeinderat-Graz\/wp-json\/wp\/v2\/comments?post=794"}],"version-history":[{"count":7,"href":"https:\/\/www.pro-act.at\/Jugendgemeinderat-Graz\/wp-json\/wp\/v2\/posts\/794\/revisions"}],"predecessor-version":[{"id":810,"href":"https:\/\/www.pro-act.at\/Jugendgemeinderat-Graz\/wp-json\/wp\/v2\/posts\/794\/revisions\/810"}],"wp:attachment":[{"href":"https:\/\/www.pro-act.at\/Jugendgemeinderat-Graz\/wp-json\/wp\/v2\/media?parent=794"}],"wp:term":[{"taxonomy":"category","embeddable":true,"href":"https:\/\/www.pro-act.at\/Jugendgemeinderat-Graz\/wp-json\/wp\/v2\/categories?post=794"},{"taxonomy":"post_tag","embeddable":true,"href":"https:\/\/www.pro-act.at\/Jugendgemeinderat-Graz\/wp-json\/wp\/v2\/tags?post=794"}],"curies":[{"name":"wp","href":"https:\/\/api.w.org\/{rel}","templated":true}]}}