{"id":914,"date":"2022-02-19T15:49:56","date_gmt":"2022-02-19T14:49:56","guid":{"rendered":"http:\/\/www.pro-act.at\/Jugendgemeinderat-Graz\/?p=914"},"modified":"2022-02-19T15:49:56","modified_gmt":"2022-02-19T14:49:56","slug":"proact-jugendgemeinderat-2022","status":"publish","type":"post","link":"https:\/\/www.pro-act.at\/Jugendgemeinderat-Graz\/2022\/02\/proact-jugendgemeinderat-2022\/","title":{"rendered":"proAct Jugendgemeinderat 2022"},"content":{"rendered":"\n<figure class=\"wp-block-image size-large\"><img loading=\"lazy\" decoding=\"async\" width=\"380\" height=\"380\" src=\"http:\/\/www.pro-act.at\/Jugendgemeinderat-Graz\/wp-content\/uploads\/2022\/02\/Garten-Ernte-380x380.png\" alt=\"\" class=\"wp-image-913\" srcset=\"https:\/\/www.pro-act.at\/Jugendgemeinderat-Graz\/wp-content\/uploads\/2022\/02\/Garten-Ernte-380x380.png 380w, https:\/\/www.pro-act.at\/Jugendgemeinderat-Graz\/wp-content\/uploads\/2022\/02\/Garten-Ernte-768x768.png 768w, https:\/\/www.pro-act.at\/Jugendgemeinderat-Graz\/wp-content\/uploads\/2022\/02\/Garten-Ernte-624x624.png 624w, https:\/\/www.pro-act.at\/Jugendgemeinderat-Graz\/wp-content\/uploads\/2022\/02\/Garten-Ernte.png 1080w\" sizes=\"auto, (max-width: 380px) 100vw, 380px\" \/><\/figure>\n\n\n\n<p>Am Freitag, den 27.05.2022 findet der 11. proAct Jugendgemeinderat der Stadt Graz statt. Zus\u00e4tzlich zum Jugendbudget von \u20ac 25.000.- gibt es heuer nochmals \u20ac 25.000.- f\u00fcr &#8222;gr\u00fcne&#8220;, also nachhaltige Projekte! In Summe entscheidet ihr also \u00fcber das doppelte Budget von insgesamt \u20ac 50.000.-<\/p>\n\n\n\n<p><\/p>\n","protected":false},"excerpt":{"rendered":"<p>Am Freitag, den 27.05.2022 findet der 11. proAct Jugendgemeinderat der Stadt Graz statt. Zus\u00e4tzlich zum Jugendbudget von \u20ac 25.000.- gibt es heuer nochmals \u20ac 25.000.- f\u00fcr &#8222;gr\u00fcne&#8220;, also nachhaltige Projekte! In Summe entscheidet ihr also \u00fcber das doppelte Budget von insgesamt \u20ac 50.000.-<\/p>\n","protected":false},"author":6,"featured_media":0,"comment_status":"closed","ping_status":"closed","sticky":false,"template":"","format":"standard","meta":{"footnotes":""},"categories":[1],"tags":[],"class_list":["post-914","post","type-post","status-publish","format-standard","hentry","category-news"],"_links":{"self":[{"href":"https:\/\/www.pro-act.at\/Jugendgemeinderat-Graz\/wp-json\/wp\/v2\/posts\/914","targetHints":{"allow":["GET"]}}],"collection":[{"href":"https:\/\/www.pro-act.at\/Jugendgemeinderat-Graz\/wp-json\/wp\/v2\/posts"}],"about":[{"href":"https:\/\/www.pro-act.at\/Jugendgemeinderat-Graz\/wp-json\/wp\/v2\/types\/post"}],"author":[{"embeddable":true,"href":"https:\/\/www.pro-act.at\/Jugendgemeinderat-Graz\/wp-json\/wp\/v2\/users\/6"}],"replies":[{"embeddable":true,"href":"https:\/\/www.pro-act.at\/Jugendgemeinderat-Graz\/wp-json\/wp\/v2\/comments?post=914"}],"version-history":[{"count":1,"href":"https:\/\/www.pro-act.at\/Jugendgemeinderat-Graz\/wp-json\/wp\/v2\/posts\/914\/revisions"}],"predecessor-version":[{"id":915,"href":"https:\/\/www.pro-act.at\/Jugendgemeinderat-Graz\/wp-json\/wp\/v2\/posts\/914\/revisions\/915"}],"wp:attachment":[{"href":"https:\/\/www.pro-act.at\/Jugendgemeinderat-Graz\/wp-json\/wp\/v2\/media?parent=914"}],"wp:term":[{"taxonomy":"category","embeddable":true,"href":"https:\/\/www.pro-act.at\/Jugendgemeinderat-Graz\/wp-json\/wp\/v2\/categories?post=914"},{"taxonomy":"post_tag","embeddable":true,"href":"https:\/\/www.pro-act.at\/Jugendgemeinderat-Graz\/wp-json\/wp\/v2\/tags?post=914"}],"curies":[{"name":"wp","href":"https:\/\/api.w.org\/{rel}","templated":true}]}}