{"id":934,"date":"2022-06-07T13:51:41","date_gmt":"2022-06-07T12:51:41","guid":{"rendered":"http:\/\/www.pro-act.at\/Jugendgemeinderat-Graz\/?p=934"},"modified":"2022-11-10T13:54:57","modified_gmt":"2022-11-10T12:54:57","slug":"das-war-proact-2022","status":"publish","type":"post","link":"https:\/\/www.pro-act.at\/Jugendgemeinderat-Graz\/2022\/06\/das-war-proact-2022\/","title":{"rendered":"Das war proAct 2022!"},"content":{"rendered":"\n<figure class=\"wp-block-image size-large\"><img loading=\"lazy\" decoding=\"async\" width=\"380\" height=\"190\" src=\"http:\/\/www.pro-act.at\/Jugendgemeinderat-Graz\/wp-content\/uploads\/2022\/06\/MR2205_proAct425-380x190.jpg\" alt=\"\" class=\"wp-image-933\" srcset=\"https:\/\/www.pro-act.at\/Jugendgemeinderat-Graz\/wp-content\/uploads\/2022\/06\/MR2205_proAct425-380x190.jpg 380w, https:\/\/www.pro-act.at\/Jugendgemeinderat-Graz\/wp-content\/uploads\/2022\/06\/MR2205_proAct425-768x384.jpg 768w, https:\/\/www.pro-act.at\/Jugendgemeinderat-Graz\/wp-content\/uploads\/2022\/06\/MR2205_proAct425-1536x768.jpg 1536w, https:\/\/www.pro-act.at\/Jugendgemeinderat-Graz\/wp-content\/uploads\/2022\/06\/MR2205_proAct425-624x312.jpg 624w, https:\/\/www.pro-act.at\/Jugendgemeinderat-Graz\/wp-content\/uploads\/2022\/06\/MR2205_proAct425.jpg 1600w\" sizes=\"auto, (max-width: 380px) 100vw, 380px\" \/><figcaption>Projektgruppen und Besucher:innen von proAct 2022 (c) Dietrichskeusch&#8217;n<\/figcaption><\/figure>\n\n\n\n<p>Beim 11. proAct Jugendbudget am 27.05.2022 nahmen insgesamt 155 wahlberechtigte Jugendliche (zwischen 14 und 21) teil, wovon 51% weibliche und 49% m\u00e4nnliche Teilnehmer:innen waren. Inklusive Politiker:innen, Verwaltung und Besucher:innen au\u00dferhalb der Zielgruppe, waren insgesamt 187 Personen im Orpheum Graz anwesend.<\/p>\n\n\n\n<p>Erstmals gab es im Rahmen von proAct mit &#8222;proAct classic&#8220; und &#8222;proAct green&#8220; zwei Kategorien. Dank der zus\u00e4tzlichen F\u00f6rderung des Grazer Klimafonds konnten zus\u00e4tzlich \u20ac 25.000.- f\u00fcr nachhaltige Jugendprojekte zur Verf\u00fcgung gestellt werden. Au\u00dferdem sorgten der Grazer Rapper BanDan und die Deutsch-Rocker von Voltwechsel f\u00fcr grandiose musikalische Unterhaltung.<\/p>\n\n\n\n<p>Insgesamt wurden 11 interessante, spannende, kreative und einzigartige Projektideen von den Jugendlichen vorgestellt. Die Wahlbeteiligung lag mit 131 Personen bei 84,5%. Wie auch die Jahre davor konnten die wahlberechtigten Jugendlichen &#8211; pro Kategorie &#8211; 2 Stimmen vergeben. <\/p>\n\n\n\n<p>Wir bedanken uns bei allen Jugendlichen und jungen Erwachsenen f\u00fcr ihre Beteiligung und das wundervolle Ambiente bei proAct 2022, bei allen Helfer:innen, Unterst\u00fctzer:innen und Kooperationspartner:innen sowie insbesondere bei allen Projektgruppen, die mit so viel Einsatz, Ehrgeiz und Engagement an der Planung, Entwicklung und Umsetzung ihrer Projekte arbeiten!<\/p>\n","protected":false},"excerpt":{"rendered":"<p>Beim 11. proAct Jugendbudget am 27.05.2022 nahmen insgesamt 155 wahlberechtigte Jugendliche (zwischen 14 und 21) teil, wovon 51% weibliche und 49% m\u00e4nnliche Teilnehmer:innen waren. Inklusive Politiker:innen, Verwaltung und Besucher:innen au\u00dferhalb der Zielgruppe, waren insgesamt 187 Personen im Orpheum Graz anwesend. Erstmals gab es im Rahmen von proAct mit &#8222;proAct classic&#8220; und &#8222;proAct green&#8220; zwei Kategorien. [&hellip;]<\/p>\n","protected":false},"author":6,"featured_media":0,"comment_status":"closed","ping_status":"closed","sticky":false,"template":"","format":"standard","meta":{"footnotes":""},"categories":[1],"tags":[],"class_list":["post-934","post","type-post","status-publish","format-standard","hentry","category-news"],"_links":{"self":[{"href":"https:\/\/www.pro-act.at\/Jugendgemeinderat-Graz\/wp-json\/wp\/v2\/posts\/934","targetHints":{"allow":["GET"]}}],"collection":[{"href":"https:\/\/www.pro-act.at\/Jugendgemeinderat-Graz\/wp-json\/wp\/v2\/posts"}],"about":[{"href":"https:\/\/www.pro-act.at\/Jugendgemeinderat-Graz\/wp-json\/wp\/v2\/types\/post"}],"author":[{"embeddable":true,"href":"https:\/\/www.pro-act.at\/Jugendgemeinderat-Graz\/wp-json\/wp\/v2\/users\/6"}],"replies":[{"embeddable":true,"href":"https:\/\/www.pro-act.at\/Jugendgemeinderat-Graz\/wp-json\/wp\/v2\/comments?post=934"}],"version-history":[{"count":3,"href":"https:\/\/www.pro-act.at\/Jugendgemeinderat-Graz\/wp-json\/wp\/v2\/posts\/934\/revisions"}],"predecessor-version":[{"id":990,"href":"https:\/\/www.pro-act.at\/Jugendgemeinderat-Graz\/wp-json\/wp\/v2\/posts\/934\/revisions\/990"}],"wp:attachment":[{"href":"https:\/\/www.pro-act.at\/Jugendgemeinderat-Graz\/wp-json\/wp\/v2\/media?parent=934"}],"wp:term":[{"taxonomy":"category","embeddable":true,"href":"https:\/\/www.pro-act.at\/Jugendgemeinderat-Graz\/wp-json\/wp\/v2\/categories?post=934"},{"taxonomy":"post_tag","embeddable":true,"href":"https:\/\/www.pro-act.at\/Jugendgemeinderat-Graz\/wp-json\/wp\/v2\/tags?post=934"}],"curies":[{"name":"wp","href":"https:\/\/api.w.org\/{rel}","templated":true}]}}